{"id":21988,"date":"2021-08-05T17:27:04","date_gmt":"2021-08-05T23:27:04","guid":{"rendered":"https:\/\/informativoelvalledeaguascalientes.online\/?p=21988"},"modified":"2021-08-05T17:27:04","modified_gmt":"2021-08-05T23:27:04","slug":"atento-proteccion-civil-estatal-de-seis-presas-que-alcanzaron-su-maxima-capacidad","status":"publish","type":"post","link":"https:\/\/informativoelvalledeaguascalientes.online\/?p=21988","title":{"rendered":"ATENTO PROTECCI\u00d3N CIVIL ESTATAL DE SEIS PRESAS QUE ALCANZARON SU M\u00c1XIMA CAPACIDAD"},"content":{"rendered":"<p style=\"font-weight: 400;\">\n<p style=\"font-weight: 400;\">#informativoelvalledeaguascalientes , #novaradioaguascalientes<\/p>\n<p style=\"font-weight: 400;\"><strong>\u00a0<\/strong><\/p>\n<ul>\n<li style=\"font-weight: 400;\"><strong><em>Se trata de La Codorniz, Media Luna, El Ni\u00e1gara, El Cedazo, El Jocoqui y 50 Aniversario; por el momento ninguna ellas representa riesgo para la poblaci\u00f3n<\/em><\/strong><\/li>\n<li style=\"font-weight: 400;\"><strong><em>La dependencia exhorta a la poblaci\u00f3n a estar atentos a los avisos de las autoridades competentes y reportar emergencias al 911<\/em><\/strong><\/li>\n<\/ul>\n<p style=\"font-weight: 400;\"><strong><em>\u00a0<\/em><\/strong><\/p>\n<p style=\"font-weight: 400;\">\n<p style=\"font-weight: 400;\">La Coordinaci\u00f3n Estatal de Protecci\u00f3n Civil se mantiene alerta ante el reporte de la Comisi\u00f3n Nacional del Agua (Conagua) de seis presas que han alcanzado su m\u00e1xima capacidad en los \u00faltimos d\u00edas a consecuencia de las constantes lluvias registradas en el estado, aclarando que por el momento ninguna de ellas representa riesgo para poblaciones cercanas a ellas.<\/p>\n<p style=\"font-weight: 400;\">\n<p style=\"font-weight: 400;\">De esta forma, elementos de la dependencia mantienen una vigilancia permanente en las presas La Codorniz y Media Luna en el municipio de Calvillo; El Ni\u00e1gara y El Cedazo, en el municipio de Aguascalientes; as\u00ed como El Jocoqui y 50 Aniversario en el municipio de San Jos\u00e9 de Gracia, aclarando que debido a que son cuerpos de agua que tienen vertederos en buenas condiciones, no comprometen la integridad f\u00edsica de las personas.<\/p>\n<p style=\"font-weight: 400;\">\n<p style=\"font-weight: 400;\">El titular de Protecci\u00f3n Civil Estatal, H\u00e9ctor Reyes Hern\u00e1ndez, se\u00f1al\u00f3 que aunado a las referidas presas, elementos de la dependencia mantienen la supervisi\u00f3n de todos los vasos de agua del estado, con especial \u00e9nfasis en presas como El Chichimeco en el municipio de Jes\u00fas Mar\u00eda, que desde hace varios d\u00edas ya registraba el 100 por ciento de su capacidad.<\/p>\n<p style=\"font-weight: 400;\">\n<p style=\"font-weight: 400;\">La dependencia recuerda a la poblaci\u00f3n a mantenerse atentos a los avisos de las autoridades competentes, evitar tirar basura en las calles, conducir con precauci\u00f3n durante los momentos de lluvias, no acercarse a cables o postes derribados, conservar documentos importantes como actas de nacimiento, pasaporte e identificaciones personales protegidas en pl\u00e1stico y reportar cualquier emergencia al 911<\/p>\n","protected":false},"excerpt":{"rendered":"<p>#informativoelvalledeaguascalientes , #novaradioaguascalientes \u00a0 Se trata de La Codorniz, Media Luna, El Ni\u00e1gara, El Cedazo, El Jocoqui y 50 Aniversario; por el momento ninguna ellas representa riesgo para la poblaci\u00f3n La dependencia exhorta a la poblaci\u00f3n a estar atentos a los avisos de las autoridades competentes y reportar emergencias al 911 \u00a0 La Coordinaci\u00f3n Estatal [&hellip;]<\/p>\n","protected":false},"author":1,"featured_media":21989,"comment_status":"closed","ping_status":"open","sticky":false,"template":"","format":"standard","meta":{"advanced_seo_description":"","jetpack_seo_html_title":"","jetpack_seo_noindex":false,"_jetpack_memberships_contains_paid_content":false,"footnotes":"","jetpack_publicize_message":"","jetpack_publicize_feature_enabled":true,"jetpack_social_post_already_shared":true,"jetpack_social_options":{"image_generator_settings":{"template":"highway","default_image_id":0,"font":"","enabled":false},"version":2}},"categories":[21,4],"tags":[22,221],"class_list":["post-21988","post","type-post","status-publish","format-standard","has-post-thumbnail","hentry","category-aguascalientes","category-gobierno-del-estado-aguascalientes","tag-aguascalientes","tag-conagua"],"jetpack_publicize_connections":[],"jetpack_featured_media_url":"https:\/\/i0.wp.com\/informativoelvalledeaguascalientes.online\/wp-content\/uploads\/2021\/08\/WhatsApp-Image-2021-07-13-at-4.02.11-PM.jpeg?fit=1280%2C720&ssl=1","jetpack-related-posts":[],"jetpack_sharing_enabled":true,"jetpack_likes_enabled":true,"_links":{"self":[{"href":"https:\/\/informativoelvalledeaguascalientes.online\/index.php?rest_route=\/wp\/v2\/posts\/21988","targetHints":{"allow":["GET"]}}],"collection":[{"href":"https:\/\/informativoelvalledeaguascalientes.online\/index.php?rest_route=\/wp\/v2\/posts"}],"about":[{"href":"https:\/\/informativoelvalledeaguascalientes.online\/index.php?rest_route=\/wp\/v2\/types\/post"}],"author":[{"embeddable":true,"href":"https:\/\/informativoelvalledeaguascalientes.online\/index.php?rest_route=\/wp\/v2\/users\/1"}],"replies":[{"embeddable":true,"href":"https:\/\/informativoelvalledeaguascalientes.online\/index.php?rest_route=%2Fwp%2Fv2%2Fcomments&post=21988"}],"version-history":[{"count":1,"href":"https:\/\/informativoelvalledeaguascalientes.online\/index.php?rest_route=\/wp\/v2\/posts\/21988\/revisions"}],"predecessor-version":[{"id":21990,"href":"https:\/\/informativoelvalledeaguascalientes.online\/index.php?rest_route=\/wp\/v2\/posts\/21988\/revisions\/21990"}],"wp:featuredmedia":[{"embeddable":true,"href":"https:\/\/informativoelvalledeaguascalientes.online\/index.php?rest_route=\/wp\/v2\/media\/21989"}],"wp:attachment":[{"href":"https:\/\/informativoelvalledeaguascalientes.online\/index.php?rest_route=%2Fwp%2Fv2%2Fmedia&parent=21988"}],"wp:term":[{"taxonomy":"category","embeddable":true,"href":"https:\/\/informativoelvalledeaguascalientes.online\/index.php?rest_route=%2Fwp%2Fv2%2Fcategories&post=21988"},{"taxonomy":"post_tag","embeddable":true,"href":"https:\/\/informativoelvalledeaguascalientes.online\/index.php?rest_route=%2Fwp%2Fv2%2Ftags&post=21988"}],"curies":[{"name":"wp","href":"https:\/\/api.w.org\/{rel}","templated":true}]}}