{"id":21982,"date":"2021-08-05T16:59:57","date_gmt":"2021-08-05T22:59:57","guid":{"rendered":"https:\/\/informativoelvalledeaguascalientes.online\/?p=21982"},"modified":"2021-08-05T16:59:57","modified_gmt":"2021-08-05T22:59:57","slug":"festejos-patrios-se-realizaran-de-acuerdo-al-comportamiento-de-la-pandemia","status":"publish","type":"post","link":"https:\/\/informativoelvalledeaguascalientes.online\/?p=21982","title":{"rendered":"FESTEJOS PATRIOS SE REALIZAR\u00c1N DE ACUERDO AL COMPORTAMIENTO DE LA PANDEMIA"},"content":{"rendered":"<p style=\"font-weight: 400;\">#informativoelvalledeaguascalientes , #novaradioaguascalientes<\/p>\n<ul>\n<li style=\"font-weight: 400;\"><strong><em>De realizarse, se instalar\u00e1n estrictos filtros sanitarios y el aforo ser\u00e1\u00a0 controlado y reducido<\/em><\/strong><\/li>\n<\/ul>\n<p style=\"font-weight: 400;\"><strong><em>\u00a0<\/em><\/strong><\/p>\n<p style=\"font-weight: 400;\">Durante la reuni\u00f3n semanal con alcaldes, el secretario general de Gobierno, adelant\u00f3 que en caso de que el comportamiento de la pandemia en estado lo permite y se mantengan bajas las hospitalizaciones, las festividades por el Grito de Independencia deber\u00e1n realizarse con filtros sanitarios, por lo que adem\u00e1s del cubrebocas y gel antibacterial, se colocar\u00edan lavamanos en distintos puntos de la Plaza, adem\u00e1s de instalar puertas de ingreso y salida para mantener un aforo reducido y controlado.<\/p>\n<p style=\"font-weight: 400;\">\n<p style=\"font-weight: 400;\">Acompa\u00f1ado por el subsecretario de Gobierno, Manuel Cortina Reynoso, el responsable de la pol\u00edtica interna descart\u00f3 por el momento cierres o reducci\u00f3n de horarios, y exhort\u00f3 a la poblaci\u00f3n a no relajar las medidas sanitarias, pues a pesar de que un alto porcentaje de la poblaci\u00f3n ha recibido la vacuna, esta no evita el contagio, sino que es una aliada importante para eludir en lo posible la gravedad de la enfermedad y la hospitalizaci\u00f3n.<\/p>\n","protected":false},"excerpt":{"rendered":"<p>#informativoelvalledeaguascalientes , #novaradioaguascalientes De realizarse, se instalar\u00e1n estrictos filtros sanitarios y el aforo ser\u00e1\u00a0 controlado y reducido \u00a0 Durante la reuni\u00f3n semanal con alcaldes, el secretario general de Gobierno, adelant\u00f3 que en caso de que el comportamiento de la pandemia en estado lo permite y se mantengan bajas las hospitalizaciones, las festividades por el Grito [&hellip;]<\/p>\n","protected":false},"author":1,"featured_media":21983,"comment_status":"closed","ping_status":"open","sticky":false,"template":"","format":"standard","meta":{"advanced_seo_description":"","jetpack_seo_html_title":"","jetpack_seo_noindex":false,"_jetpack_memberships_contains_paid_content":false,"footnotes":"","jetpack_publicize_message":"","jetpack_publicize_feature_enabled":true,"jetpack_social_post_already_shared":true,"jetpack_social_options":{"image_generator_settings":{"template":"highway","default_image_id":0,"font":"","enabled":false},"version":2}},"categories":[21,4],"tags":[22,31,51],"class_list":["post-21982","post","type-post","status-publish","format-standard","has-post-thumbnail","hentry","category-aguascalientes","category-gobierno-del-estado-aguascalientes","tag-aguascalientes","tag-mos","tag-seggob"],"jetpack_publicize_connections":[],"jetpack_featured_media_url":"https:\/\/i0.wp.com\/informativoelvalledeaguascalientes.online\/wp-content\/uploads\/2021\/08\/WhatsApp-Image-2021-08-05-at-2.56.44-PM.jpeg?fit=1280%2C853&ssl=1","jetpack-related-posts":[],"jetpack_sharing_enabled":true,"jetpack_likes_enabled":true,"_links":{"self":[{"href":"https:\/\/informativoelvalledeaguascalientes.online\/index.php?rest_route=\/wp\/v2\/posts\/21982","targetHints":{"allow":["GET"]}}],"collection":[{"href":"https:\/\/informativoelvalledeaguascalientes.online\/index.php?rest_route=\/wp\/v2\/posts"}],"about":[{"href":"https:\/\/informativoelvalledeaguascalientes.online\/index.php?rest_route=\/wp\/v2\/types\/post"}],"author":[{"embeddable":true,"href":"https:\/\/informativoelvalledeaguascalientes.online\/index.php?rest_route=\/wp\/v2\/users\/1"}],"replies":[{"embeddable":true,"href":"https:\/\/informativoelvalledeaguascalientes.online\/index.php?rest_route=%2Fwp%2Fv2%2Fcomments&post=21982"}],"version-history":[{"count":1,"href":"https:\/\/informativoelvalledeaguascalientes.online\/index.php?rest_route=\/wp\/v2\/posts\/21982\/revisions"}],"predecessor-version":[{"id":21984,"href":"https:\/\/informativoelvalledeaguascalientes.online\/index.php?rest_route=\/wp\/v2\/posts\/21982\/revisions\/21984"}],"wp:featuredmedia":[{"embeddable":true,"href":"https:\/\/informativoelvalledeaguascalientes.online\/index.php?rest_route=\/wp\/v2\/media\/21983"}],"wp:attachment":[{"href":"https:\/\/informativoelvalledeaguascalientes.online\/index.php?rest_route=%2Fwp%2Fv2%2Fmedia&parent=21982"}],"wp:term":[{"taxonomy":"category","embeddable":true,"href":"https:\/\/informativoelvalledeaguascalientes.online\/index.php?rest_route=%2Fwp%2Fv2%2Fcategories&post=21982"},{"taxonomy":"post_tag","embeddable":true,"href":"https:\/\/informativoelvalledeaguascalientes.online\/index.php?rest_route=%2Fwp%2Fv2%2Ftags&post=21982"}],"curies":[{"name":"wp","href":"https:\/\/api.w.org\/{rel}","templated":true}]}}