{"id":21972,"date":"2021-08-05T16:40:09","date_gmt":"2021-08-05T22:40:09","guid":{"rendered":"https:\/\/informativoelvalledeaguascalientes.online\/?p=21972"},"modified":"2021-08-05T16:40:09","modified_gmt":"2021-08-05T22:40:09","slug":"anuncia-gobernador-nuevos-programas-de-integracion-social-al-oriente-de-la-ciudad","status":"publish","type":"post","link":"https:\/\/informativoelvalledeaguascalientes.online\/?p=21972","title":{"rendered":"ANUNCIA GOBERNADOR NUEVOS PROGRAMAS DE INTEGRACI\u00d3N SOCIAL AL ORIENTE DE LA CIUDAD."},"content":{"rendered":"<p>#informativoelvalledeaguascalientes , #novaradioaguascalientes<\/p>\n<ul>\n<li aria-level=\"1\"><b><i>La Secretar\u00eda de la Familia trabaja en el rescate del Bordo Santa Elena con un proyecto integral de restauraci\u00f3n del tejido social.<\/i><\/b><\/li>\n<\/ul>\n<ul>\n<li aria-level=\"1\"><b><i>Entrega DIF Estatal apoyos alimenticios a las familias vulnerables.\u00a0<\/i><\/b><\/li>\n<\/ul>\n<p>&nbsp;<\/p>\n<p><span style=\"font-weight: 400;\">La Secretar\u00eda de la Familia\u00a0 est\u00e1 trabajando en un proyecto integrador de la sociedad y en especial en la regeneraci\u00f3n del tejido social a trav\u00e9s de acciones que promuevan actividades culturales, deportivas y con mejores condiciones de infraestructura para el desarrollo integral, as\u00ed lo anunci\u00f3 el gobernador, Mart\u00edn Orozco Sandoval al presidir un evento de entrega de apoyos alimenticios del Sistema para el Desarrollo Integral de la Familia ( DIF).<\/span><\/p>\n<p>&nbsp;<\/p>\n<p><span style=\"font-weight: 400;\">En compa\u00f1\u00eda de la presidenta del DIF Estatal, Yolanda Ram\u00edrez de Orozco, el gobernador explic\u00f3 que en la zona oriente de la ciudad se trabaja en el rescate del Bordo Santa Elena, para reducir la contaminaci\u00f3n ambiental y en su lugar generar un nuevo espacio de convivencia social, as\u00ed como de programas culturales, deportivos y de atenci\u00f3n a diferentes problem\u00e1ticas como el cuidado de la salud mental.<\/span><\/p>\n<p>&nbsp;<\/p>\n<p><span style=\"font-weight: 400;\">Por su parte Yolanda Ram\u00edrez de Orozco expres\u00f3 que el desarrollo familiar es indispensable para generar una sociedad con mejores oportunidades y en convivencia arm\u00f3nica.<\/span><\/p>\n<p>&nbsp;<\/p>\n<p><span style=\"font-weight: 400;\">Al entregar apoyos alimentarios a las familias de la colonia Cumbres 3, Ram\u00edrez de Orozco mencion\u00f3 que la nutrici\u00f3n de cada integrante de la familia es esencial, especialmente para el rendimiento f\u00edsico e intelectual de los menores; por ello la importancia de mantener estos programas entre la poblaci\u00f3n que tiene m\u00e1s necesidades.<\/span><\/p>\n<p>&nbsp;<\/p>\n<p><span style=\"font-weight: 400;\">En su oportunidad, la directora del DIF Estatal mencion\u00f3 que en esta ocasi\u00f3n fueron 130 familias las beneficiadas con este programa de apoyos alimentarios, a los cuales se les entregaron 3 paquetes de alimentos para cada una de ellas.<\/span><\/p>\n","protected":false},"excerpt":{"rendered":"<p>#informativoelvalledeaguascalientes , #novaradioaguascalientes La Secretar\u00eda de la Familia trabaja en el rescate del Bordo Santa Elena con un proyecto integral de restauraci\u00f3n del tejido social. Entrega DIF Estatal apoyos alimenticios a las familias vulnerables.\u00a0 &nbsp; La Secretar\u00eda de la Familia\u00a0 est\u00e1 trabajando en un proyecto integrador de la sociedad y en especial en la regeneraci\u00f3n [&hellip;]<\/p>\n","protected":false},"author":1,"featured_media":21973,"comment_status":"closed","ping_status":"open","sticky":false,"template":"","format":"standard","meta":{"advanced_seo_description":"","jetpack_seo_html_title":"","jetpack_seo_noindex":false,"_jetpack_memberships_contains_paid_content":false,"footnotes":"","jetpack_publicize_message":"","jetpack_publicize_feature_enabled":true,"jetpack_social_post_already_shared":true,"jetpack_social_options":{"image_generator_settings":{"template":"highway","default_image_id":0,"font":"","enabled":false},"version":2}},"categories":[21,4],"tags":[22,65,31],"class_list":["post-21972","post","type-post","status-publish","format-standard","has-post-thumbnail","hentry","category-aguascalientes","category-gobierno-del-estado-aguascalientes","tag-aguascalientes","tag-dif-estatal-aguascalientes","tag-mos"],"jetpack_publicize_connections":[],"jetpack_featured_media_url":"https:\/\/i0.wp.com\/informativoelvalledeaguascalientes.online\/wp-content\/uploads\/2021\/08\/unnamed-18.jpg?fit=1280%2C853&ssl=1","jetpack-related-posts":[],"jetpack_sharing_enabled":true,"jetpack_likes_enabled":true,"_links":{"self":[{"href":"https:\/\/informativoelvalledeaguascalientes.online\/index.php?rest_route=\/wp\/v2\/posts\/21972","targetHints":{"allow":["GET"]}}],"collection":[{"href":"https:\/\/informativoelvalledeaguascalientes.online\/index.php?rest_route=\/wp\/v2\/posts"}],"about":[{"href":"https:\/\/informativoelvalledeaguascalientes.online\/index.php?rest_route=\/wp\/v2\/types\/post"}],"author":[{"embeddable":true,"href":"https:\/\/informativoelvalledeaguascalientes.online\/index.php?rest_route=\/wp\/v2\/users\/1"}],"replies":[{"embeddable":true,"href":"https:\/\/informativoelvalledeaguascalientes.online\/index.php?rest_route=%2Fwp%2Fv2%2Fcomments&post=21972"}],"version-history":[{"count":1,"href":"https:\/\/informativoelvalledeaguascalientes.online\/index.php?rest_route=\/wp\/v2\/posts\/21972\/revisions"}],"predecessor-version":[{"id":21974,"href":"https:\/\/informativoelvalledeaguascalientes.online\/index.php?rest_route=\/wp\/v2\/posts\/21972\/revisions\/21974"}],"wp:featuredmedia":[{"embeddable":true,"href":"https:\/\/informativoelvalledeaguascalientes.online\/index.php?rest_route=\/wp\/v2\/media\/21973"}],"wp:attachment":[{"href":"https:\/\/informativoelvalledeaguascalientes.online\/index.php?rest_route=%2Fwp%2Fv2%2Fmedia&parent=21972"}],"wp:term":[{"taxonomy":"category","embeddable":true,"href":"https:\/\/informativoelvalledeaguascalientes.online\/index.php?rest_route=%2Fwp%2Fv2%2Fcategories&post=21972"},{"taxonomy":"post_tag","embeddable":true,"href":"https:\/\/informativoelvalledeaguascalientes.online\/index.php?rest_route=%2Fwp%2Fv2%2Ftags&post=21972"}],"curies":[{"name":"wp","href":"https:\/\/api.w.org\/{rel}","templated":true}]}}