{"id":21888,"date":"2021-08-03T20:59:16","date_gmt":"2021-08-04T02:59:16","guid":{"rendered":"https:\/\/informativoelvalledeaguascalientes.online\/?p=21888"},"modified":"2021-08-03T20:59:16","modified_gmt":"2021-08-04T02:59:16","slug":"para-el-municipio-de-aguascalientes-los-adultos-mayores-son-prioridad","status":"publish","type":"post","link":"https:\/\/informativoelvalledeaguascalientes.online\/?p=21888","title":{"rendered":"PARA EL MUNICIPIO DE AGUASCALIENTES LOS ADULTOS MAYORES SON PRIORIDAD"},"content":{"rendered":"<p>#informativoelvalledeaguascalientes #novaradioaguascalientes<\/p>\n<div class=\"opinion-section opinion-single-cover opinion-indent opinion-overlay\">\n<div class=\"container\">\n<div class=\"section-head row justify-content-center text-center\">\n<div class=\"col-12 col-md-8\">\n<div class=\"section-meta\"><\/div>\n<\/div>\n<\/div>\n<\/div>\n<\/div>\n<div class=\"opinion-section\">\n<div class=\"container\">\n<div class=\"section-content row justify-content-center\">\n<div class=\"col-12 col-lg-8 opinion-order-1\">\n<article class=\"opinion-post opinion-single post-32754 post type-post status-publish format-standard has-post-thumbnail hentry category-dif-municipal tag-dif-municipal tag-mes-del-abuelo\">\n<div class=\"entry-content\">\n<ul>\n<li><strong>Tere Jim\u00e9nez encabez\u00f3 el inicio de actividades que tiene preparadas el DIF Municipal por el mes de los adultos mayores<\/strong><\/li>\n<\/ul>\n<p>La alcaldesa<strong>\u00a0Tere Jim\u00e9nez<\/strong>\u00a0arranc\u00f3 las actividades del mes del abuelo con una brigada en la colonia Altavista, en la que se brindaron de manera gratuita servicios diversos como medicina general, estomatolog\u00eda, nutrici\u00f3n, psicolog\u00eda, salud de la mujer, asesor\u00eda jur\u00eddica, entre otros.<\/p>\n<p>Para su administraci\u00f3n el bienestar de los adultos mayores ha sido de vital importancia, por ello\u00a0a trav\u00e9s del\u00a0<span title=\"Se ha encontrado un posible error ortogr\u00e1fico.\" data-type=\"misspelling\" data-suggestions=\"[{&quot;value&quot;:&quot;D\u00cdA&quot;},{&quot;value&quot;:&quot;DIO&quot;},{&quot;value&quot;:&quot;DI&quot;},{&quot;value&quot;:&quot;DIN&quot;},{&quot;value&quot;:&quot;ADIF&quot;},{&quot;value&quot;:&quot;CIF&quot;},{&quot;value&quot;:&quot;GIF&quot;}]\" data-rule=\"MORFOLOGIK_RULE_ES\" data-word=\"DIF\">DIF<\/span>\u00a0Municipal\u00a0se han implementado diversos servicios y programas para\u00a0mejorar su\u00a0 calidad de vida.<\/p>\n<p><strong>Ram\u00f3n Jim\u00e9nez\u00a0<span title=\"Se ha encontrado un posible error ortogr\u00e1fico.\" data-type=\"misspelling\" data-suggestions=\"[{&quot;value&quot;:&quot;Penaliza&quot;},{&quot;value&quot;:&quot;Penaliz\u00e1&quot;},{&quot;value&quot;:&quot;Pe\u00f1a loza&quot;}]\" data-rule=\"MORFOLOGIK_RULE_ES\" data-word=\"Pe\u00f1aloza\">Pe\u00f1aloza<\/span><\/strong>, Presidente del\u00a0<span title=\"Se ha encontrado un posible error ortogr\u00e1fico.\" data-type=\"misspelling\" data-suggestions=\"[{&quot;value&quot;:&quot;D\u00cdA&quot;},{&quot;value&quot;:&quot;DIO&quot;},{&quot;value&quot;:&quot;DI&quot;},{&quot;value&quot;:&quot;DIN&quot;},{&quot;value&quot;:&quot;ADIF&quot;},{&quot;value&quot;:&quot;CIF&quot;},{&quot;value&quot;:&quot;GIF&quot;}]\" data-rule=\"MORFOLOGIK_RULE_ES\" data-word=\"DIF\">DIF<\/span>\u00a0Municipal, mencion\u00f3 que aunado a esta jornada, durante todo el mes de agosto se realizar\u00e1n una serie de actividades culturales, recreativas y de salud para celebrar a las personas de la tercera edad.<\/p>\n<p>Anunci\u00f3 que las jornadas m\u00e9dicas continuar\u00e1n a lo largo de la semana en diferentes puntos y que para mayor informaci\u00f3n pueden comunicarse al 449 912 77 19 y 449 912 7721.<\/p>\n<\/div>\n<\/article>\n<\/div>\n<\/div>\n<\/div>\n<\/div>\n","protected":false},"excerpt":{"rendered":"<p>#informativoelvalledeaguascalientes #novaradioaguascalientes Tere Jim\u00e9nez encabez\u00f3 el inicio de actividades que tiene preparadas el DIF Municipal por el mes de los adultos mayores La alcaldesa\u00a0Tere Jim\u00e9nez\u00a0arranc\u00f3 las actividades del mes del abuelo con una brigada en la colonia Altavista, en la que se brindaron de manera gratuita servicios diversos como medicina general, estomatolog\u00eda, nutrici\u00f3n, psicolog\u00eda, salud [&hellip;]<\/p>\n","protected":false},"author":1,"featured_media":21889,"comment_status":"closed","ping_status":"open","sticky":false,"template":"","format":"standard","meta":{"advanced_seo_description":"","jetpack_seo_html_title":"","jetpack_seo_noindex":false,"_jetpack_memberships_contains_paid_content":false,"footnotes":"","jetpack_publicize_message":"","jetpack_publicize_feature_enabled":true,"jetpack_social_post_already_shared":true,"jetpack_social_options":{"image_generator_settings":{"template":"highway","default_image_id":0,"font":"","enabled":false},"version":2}},"categories":[21,3],"tags":[22,72],"class_list":["post-21888","post","type-post","status-publish","format-standard","has-post-thumbnail","hentry","category-aguascalientes","category-municipio-aguascalientes","tag-aguascalientes","tag-mpio-aguascalientes-dif"],"jetpack_publicize_connections":[],"jetpack_featured_media_url":"https:\/\/i0.wp.com\/informativoelvalledeaguascalientes.online\/wp-content\/uploads\/2021\/08\/mpio_ags_mayores_03082021.jpeg?fit=1620%2C919&ssl=1","jetpack-related-posts":[],"jetpack_sharing_enabled":true,"jetpack_likes_enabled":true,"_links":{"self":[{"href":"https:\/\/informativoelvalledeaguascalientes.online\/index.php?rest_route=\/wp\/v2\/posts\/21888","targetHints":{"allow":["GET"]}}],"collection":[{"href":"https:\/\/informativoelvalledeaguascalientes.online\/index.php?rest_route=\/wp\/v2\/posts"}],"about":[{"href":"https:\/\/informativoelvalledeaguascalientes.online\/index.php?rest_route=\/wp\/v2\/types\/post"}],"author":[{"embeddable":true,"href":"https:\/\/informativoelvalledeaguascalientes.online\/index.php?rest_route=\/wp\/v2\/users\/1"}],"replies":[{"embeddable":true,"href":"https:\/\/informativoelvalledeaguascalientes.online\/index.php?rest_route=%2Fwp%2Fv2%2Fcomments&post=21888"}],"version-history":[{"count":1,"href":"https:\/\/informativoelvalledeaguascalientes.online\/index.php?rest_route=\/wp\/v2\/posts\/21888\/revisions"}],"predecessor-version":[{"id":21890,"href":"https:\/\/informativoelvalledeaguascalientes.online\/index.php?rest_route=\/wp\/v2\/posts\/21888\/revisions\/21890"}],"wp:featuredmedia":[{"embeddable":true,"href":"https:\/\/informativoelvalledeaguascalientes.online\/index.php?rest_route=\/wp\/v2\/media\/21889"}],"wp:attachment":[{"href":"https:\/\/informativoelvalledeaguascalientes.online\/index.php?rest_route=%2Fwp%2Fv2%2Fmedia&parent=21888"}],"wp:term":[{"taxonomy":"category","embeddable":true,"href":"https:\/\/informativoelvalledeaguascalientes.online\/index.php?rest_route=%2Fwp%2Fv2%2Fcategories&post=21888"},{"taxonomy":"post_tag","embeddable":true,"href":"https:\/\/informativoelvalledeaguascalientes.online\/index.php?rest_route=%2Fwp%2Fv2%2Ftags&post=21888"}],"curies":[{"name":"wp","href":"https:\/\/api.w.org\/{rel}","templated":true}]}}