{"id":21882,"date":"2021-08-03T20:53:03","date_gmt":"2021-08-04T02:53:03","guid":{"rendered":"https:\/\/informativoelvalledeaguascalientes.online\/?p=21882"},"modified":"2021-08-03T20:53:03","modified_gmt":"2021-08-04T02:53:03","slug":"inaugura-tere-jimenez-primer-encuentro-de-educadores-ambientales","status":"publish","type":"post","link":"https:\/\/informativoelvalledeaguascalientes.online\/?p=21882","title":{"rendered":"INAUGURA TERE JIM\u00c9NEZ PRIMER ENCUENTRO DE EDUCADORES AMBIENTALES"},"content":{"rendered":"<p>#informativoelvalledeaguascalientes #novaradioaguascalientes<\/p>\n<div class=\"opinion-section opinion-single-cover opinion-indent opinion-overlay\">\n<div class=\"container\">\n<div class=\"section-head row justify-content-center text-center\">\n<div class=\"col-12 col-md-8\">\n<div class=\"section-meta\"><\/div>\n<\/div>\n<\/div>\n<\/div>\n<\/div>\n<div class=\"opinion-section\">\n<div class=\"container\">\n<div class=\"section-content row justify-content-center\">\n<div class=\"col-12 col-lg-8 opinion-order-1\">\n<article class=\"opinion-post opinion-single post-32832 post type-post status-publish format-standard has-post-thumbnail hentry category-medio-ambiente tag-educacion-ambiental tag-primer-encuentro-de-educacion-ambiental tag-semadesu\">\n<div class=\"entry-content\">\n<ul>\n<li><strong>Con estas acciones se favorece el intercambio de experiencias en la educaci\u00f3n ambiental, potenciando el trabajo y la suma de esfuerzos\u00a0<\/strong><\/li>\n<\/ul>\n<p>La alcaldesa\u00a0<strong>Tere Jim\u00e9nez\u00a0<\/strong>presidi\u00f3 el Primer Encuentro de Educadores Ambientales, que tiene por objetivo el intercambio de experiencias exitosas en la educaci\u00f3n ambiental, con un enfoque interdisciplinario en cumplimiento de la agenda 2030 y de los Objetivos del Desarrollo Sostenible (ODS).<\/p>\n<p><strong>Jim\u00e9nez Esquivel<\/strong>\u00a0estableci\u00f3 que para su administraci\u00f3n es imprescindible conducirse con apego a estos principios, visibilizar la problem\u00e1tica ambiental, as\u00ed como dise\u00f1ar estrategias y soluciones reales y pr\u00e1cticas, para cambiar la forma en la que nos relacionamos con el ambiente, logrando as\u00ed un desarrollo sostenible.<\/p>\n<p>En su intervenci\u00f3n\u00a0<strong>Sarahi Mac\u00edas Alicea<\/strong>, titular de la Secretar\u00eda del Medio Ambiente y Desarrollo Sustentable, expres\u00f3 que actualmente la educaci\u00f3n ambiental es el medio m\u00e1s efectivo para que la sociedad tome conciencia sobre la necesidad de preservar el entorno para lograr una mejor calidad de vida en las actuales y futuras generaciones.<\/p>\n<p>Las ponencias se desarrollan del 3 al 5 de agosto de este a\u00f1o en las instalaciones del Centro Regional de Educaci\u00f3n y Cultura de la Biodiversidad (CEREBIO), ubicado en Ciudad Industrial.<\/p>\n<\/div>\n<\/article>\n<\/div>\n<\/div>\n<\/div>\n<\/div>\n","protected":false},"excerpt":{"rendered":"<p>#informativoelvalledeaguascalientes #novaradioaguascalientes Con estas acciones se favorece el intercambio de experiencias en la educaci\u00f3n ambiental, potenciando el trabajo y la suma de esfuerzos\u00a0 La alcaldesa\u00a0Tere Jim\u00e9nez\u00a0presidi\u00f3 el Primer Encuentro de Educadores Ambientales, que tiene por objetivo el intercambio de experiencias exitosas en la educaci\u00f3n ambiental, con un enfoque interdisciplinario en cumplimiento de la agenda 2030 [&hellip;]<\/p>\n","protected":false},"author":1,"featured_media":21883,"comment_status":"closed","ping_status":"open","sticky":false,"template":"","format":"standard","meta":{"advanced_seo_description":"","jetpack_seo_html_title":"","jetpack_seo_noindex":false,"_jetpack_memberships_contains_paid_content":false,"footnotes":"","jetpack_publicize_message":"","jetpack_publicize_feature_enabled":true,"jetpack_social_post_already_shared":true,"jetpack_social_options":{"image_generator_settings":{"template":"highway","default_image_id":0,"font":"","enabled":false},"version":2}},"categories":[21,3],"tags":[22,151],"class_list":["post-21882","post","type-post","status-publish","format-standard","has-post-thumbnail","hentry","category-aguascalientes","category-municipio-aguascalientes","tag-aguascalientes","tag-mpio-aguascalientes-semadesu"],"jetpack_publicize_connections":[],"jetpack_featured_media_url":"https:\/\/i0.wp.com\/informativoelvalledeaguascalientes.online\/wp-content\/uploads\/2021\/08\/mpio_ags_semadesu_03082021.jpg?fit=1620%2C837&ssl=1","jetpack-related-posts":[],"jetpack_sharing_enabled":true,"jetpack_likes_enabled":true,"_links":{"self":[{"href":"https:\/\/informativoelvalledeaguascalientes.online\/index.php?rest_route=\/wp\/v2\/posts\/21882","targetHints":{"allow":["GET"]}}],"collection":[{"href":"https:\/\/informativoelvalledeaguascalientes.online\/index.php?rest_route=\/wp\/v2\/posts"}],"about":[{"href":"https:\/\/informativoelvalledeaguascalientes.online\/index.php?rest_route=\/wp\/v2\/types\/post"}],"author":[{"embeddable":true,"href":"https:\/\/informativoelvalledeaguascalientes.online\/index.php?rest_route=\/wp\/v2\/users\/1"}],"replies":[{"embeddable":true,"href":"https:\/\/informativoelvalledeaguascalientes.online\/index.php?rest_route=%2Fwp%2Fv2%2Fcomments&post=21882"}],"version-history":[{"count":1,"href":"https:\/\/informativoelvalledeaguascalientes.online\/index.php?rest_route=\/wp\/v2\/posts\/21882\/revisions"}],"predecessor-version":[{"id":21884,"href":"https:\/\/informativoelvalledeaguascalientes.online\/index.php?rest_route=\/wp\/v2\/posts\/21882\/revisions\/21884"}],"wp:featuredmedia":[{"embeddable":true,"href":"https:\/\/informativoelvalledeaguascalientes.online\/index.php?rest_route=\/wp\/v2\/media\/21883"}],"wp:attachment":[{"href":"https:\/\/informativoelvalledeaguascalientes.online\/index.php?rest_route=%2Fwp%2Fv2%2Fmedia&parent=21882"}],"wp:term":[{"taxonomy":"category","embeddable":true,"href":"https:\/\/informativoelvalledeaguascalientes.online\/index.php?rest_route=%2Fwp%2Fv2%2Fcategories&post=21882"},{"taxonomy":"post_tag","embeddable":true,"href":"https:\/\/informativoelvalledeaguascalientes.online\/index.php?rest_route=%2Fwp%2Fv2%2Ftags&post=21882"}],"curies":[{"name":"wp","href":"https:\/\/api.w.org\/{rel}","templated":true}]}}