{"id":21869,"date":"2021-08-03T20:37:39","date_gmt":"2021-08-04T02:37:39","guid":{"rendered":"https:\/\/informativoelvalledeaguascalientes.online\/?p=21869"},"modified":"2021-08-03T20:37:39","modified_gmt":"2021-08-04T02:37:39","slug":"avanza-organizacion-de-eventos-por-bicentenario-de-consumacion-de-independencia","status":"publish","type":"post","link":"https:\/\/informativoelvalledeaguascalientes.online\/?p=21869","title":{"rendered":"AVANZA ORGANIZACI\u00d3N DE EVENTOS POR BICENTENARIO DE CONSUMACI\u00d3N DE INDEPENDENCIA"},"content":{"rendered":"<p>#informativoelvalledeaguascalientes #novaradioaguascalientes<\/p>\n<p style=\"font-weight: 400;\"><strong>\u00a0<\/strong><\/p>\n<ul>\n<li style=\"font-weight: 400;\"><strong><em>Del 24 al 27 de septiembre se realizar\u00e1n actividades art\u00edsticas, econ\u00f3micas y gastron\u00f3micas, en un intercambio entre ambas culturas<\/em><\/strong><\/li>\n<li style=\"font-weight: 400;\"><strong><em>Los foros ser\u00e1n lugares hist\u00f3ricos y emblem\u00e1ticos del estado, con protocolos sanitarios y aforo controlado<\/em><\/strong><\/li>\n<\/ul>\n<p style=\"font-weight: 400;\">\n<p style=\"font-weight: 400;\">Reporta el comit\u00e9 organizador de la agenda bilateral M\u00e9xico-Jap\u00f3n para los festejos del Bicentenario de la Consumaci\u00f3n de la Independencia de M\u00e9xico en Aguascalientes, un avance del 85 por ciento, inform\u00f3 el secretario general de Gobierno, Juan Manuel Flores Femat, quien preside dicho comit\u00e9, durante la reuni\u00f3n de trabajo con el C\u00f3nsul General de Jap\u00f3n en Le\u00f3n, Guanajuato, Katsumi Itagaki.<\/p>\n<p style=\"font-weight: 400;\">\n<p style=\"font-weight: 400;\">El responsable de la pol\u00edtica interna se\u00f1al\u00f3 que ser\u00e1 una conmemoraci\u00f3n de los 200 a\u00f1os de M\u00e9xico como\u00a0 naci\u00f3n independiente, muy significativa ya que el pueblo de Jap\u00f3n ser\u00e1 integrado a nuestros festejos a trav\u00e9s de un intercambio cultural que reforzar\u00e1 los lazos de amistad entre ambas naciones y que refrenda la confianza de inversionistas nipones en nuestro estado.<\/p>\n<p style=\"font-weight: 400;\">\n<p style=\"font-weight: 400;\">Acompa\u00f1ado por el director general del Instituto Cultural de Aguascalientes (ICA), Carlos Reyes Sahag\u00fan, Flores Femat refiri\u00f3 que del viernes 24 al lunes 27 de septiembre, habr\u00e1 una serie de talleres culturales, exposiciones art\u00edsticas, muestras gastron\u00f3micas, ciclos de cine y seminarios de econom\u00eda.<\/p>\n<p style=\"font-weight: 400;\">\n<p style=\"font-weight: 400;\">Los lugares contemplados hasta el momento para el desarrollo de las actividades, son edificios hist\u00f3ricos y sitios emblem\u00e1ticos de Aguascalientes, como el Teatro Morelos, Parque Tres Centurias, Palacio de Gobierno, Teatro Aguascalientes, Museo de la Insurgencia, Casa de la Cultura y el Andador Plaza de la Soberana Convenci\u00f3n, en donde se implementar\u00e1n todos los protocolos sanitarios, y con un aforo controlado.<\/p>\n<p style=\"font-weight: 400;\">\n<p style=\"font-weight: 400;\">Entre las actividades a las que solo les falta afinar detalle, se encuentra un pabell\u00f3n gastron\u00f3mico, cultural, tur\u00edstico, cultural, tecnol\u00f3gico y empresarial Jap\u00f3n y Aguascalientes; ciclos de cine nip\u00f3n; conciertos de grupos de m\u00fasica tradicional del Jap\u00f3n y de la Orquesta Sinf\u00f3nica de Aguascalientes; exposiciones fotogr\u00e1ficas; seminarios de econom\u00eda; la exposici\u00f3n de un escapulario bordado que perteneci\u00f3 a Miguel Hidalgo; talleres de \u201cManga\u201d; demostraciones y conferencias de \u201cCosplay\u201d, entre otros.<\/p>\n","protected":false},"excerpt":{"rendered":"<p>#informativoelvalledeaguascalientes #novaradioaguascalientes \u00a0 Del 24 al 27 de septiembre se realizar\u00e1n actividades art\u00edsticas, econ\u00f3micas y gastron\u00f3micas, en un intercambio entre ambas culturas Los foros ser\u00e1n lugares hist\u00f3ricos y emblem\u00e1ticos del estado, con protocolos sanitarios y aforo controlado Reporta el comit\u00e9 organizador de la agenda bilateral M\u00e9xico-Jap\u00f3n para los festejos del Bicentenario de la Consumaci\u00f3n de [&hellip;]<\/p>\n","protected":false},"author":1,"featured_media":21870,"comment_status":"closed","ping_status":"open","sticky":false,"template":"","format":"standard","meta":{"advanced_seo_description":"","jetpack_seo_html_title":"","jetpack_seo_noindex":false,"_jetpack_memberships_contains_paid_content":false,"footnotes":"","jetpack_publicize_message":"","jetpack_publicize_feature_enabled":true,"jetpack_social_post_already_shared":true,"jetpack_social_options":{"image_generator_settings":{"template":"highway","default_image_id":0,"font":"","enabled":false},"version":2}},"categories":[21,4],"tags":[22,51],"class_list":["post-21869","post","type-post","status-publish","format-standard","has-post-thumbnail","hentry","category-aguascalientes","category-gobierno-del-estado-aguascalientes","tag-aguascalientes","tag-seggob"],"jetpack_publicize_connections":[],"jetpack_featured_media_url":"https:\/\/i0.wp.com\/informativoelvalledeaguascalientes.online\/wp-content\/uploads\/2021\/08\/seggob_03082021.jpg?fit=938%2C625&ssl=1","jetpack-related-posts":[],"jetpack_sharing_enabled":true,"jetpack_likes_enabled":true,"_links":{"self":[{"href":"https:\/\/informativoelvalledeaguascalientes.online\/index.php?rest_route=\/wp\/v2\/posts\/21869","targetHints":{"allow":["GET"]}}],"collection":[{"href":"https:\/\/informativoelvalledeaguascalientes.online\/index.php?rest_route=\/wp\/v2\/posts"}],"about":[{"href":"https:\/\/informativoelvalledeaguascalientes.online\/index.php?rest_route=\/wp\/v2\/types\/post"}],"author":[{"embeddable":true,"href":"https:\/\/informativoelvalledeaguascalientes.online\/index.php?rest_route=\/wp\/v2\/users\/1"}],"replies":[{"embeddable":true,"href":"https:\/\/informativoelvalledeaguascalientes.online\/index.php?rest_route=%2Fwp%2Fv2%2Fcomments&post=21869"}],"version-history":[{"count":1,"href":"https:\/\/informativoelvalledeaguascalientes.online\/index.php?rest_route=\/wp\/v2\/posts\/21869\/revisions"}],"predecessor-version":[{"id":21871,"href":"https:\/\/informativoelvalledeaguascalientes.online\/index.php?rest_route=\/wp\/v2\/posts\/21869\/revisions\/21871"}],"wp:featuredmedia":[{"embeddable":true,"href":"https:\/\/informativoelvalledeaguascalientes.online\/index.php?rest_route=\/wp\/v2\/media\/21870"}],"wp:attachment":[{"href":"https:\/\/informativoelvalledeaguascalientes.online\/index.php?rest_route=%2Fwp%2Fv2%2Fmedia&parent=21869"}],"wp:term":[{"taxonomy":"category","embeddable":true,"href":"https:\/\/informativoelvalledeaguascalientes.online\/index.php?rest_route=%2Fwp%2Fv2%2Fcategories&post=21869"},{"taxonomy":"post_tag","embeddable":true,"href":"https:\/\/informativoelvalledeaguascalientes.online\/index.php?rest_route=%2Fwp%2Fv2%2Ftags&post=21869"}],"curies":[{"name":"wp","href":"https:\/\/api.w.org\/{rel}","templated":true}]}}