{"id":21829,"date":"2021-08-02T23:25:04","date_gmt":"2021-08-03T05:25:04","guid":{"rendered":"https:\/\/informativoelvalledeaguascalientes.online\/?p=21829"},"modified":"2021-08-02T23:25:04","modified_gmt":"2021-08-03T05:25:04","slug":"inicia-la-vacunacion-en-la-ciudad-capital-para-los-jovenes-de-18-a-29-anos","status":"publish","type":"post","link":"https:\/\/informativoelvalledeaguascalientes.online\/?p=21829","title":{"rendered":"INICIA LA VACUNACI\u00d3N EN LA CIUDAD CAPITAL PARA LOS J\u00d3VENES DE 18 A 29 A\u00d1OS"},"content":{"rendered":"<p>#informativoelvalledeaguascalientes #novaradioaguascalientes<\/p>\n<p>Se buscar\u00e1 llevar la inmunizaci\u00f3n a las universidades.<br \/>\nAgradece Gobernador a empresas por su apoyo en la log\u00edstica de vacunaci\u00f3n<\/p>\n<p>Este martes 03 de agosto inicia la vacunaci\u00f3n a j\u00f3venes de 18 a 29 a\u00f1os de edad en la capital del estado y con ello se estar\u00e1 logrando la aplicaci\u00f3n de primeras dosis a la totalidad de poblaci\u00f3n mayor de edad, as\u00ed lo destac\u00f3 el gobernador del estado Mart\u00edn Orozco Sandoval, al visitar la jornada de inmunizaci\u00f3n en empresas de Aguascalientes.<\/p>\n<p>En su mensaje agradeci\u00f3 a la industria de entidad por su disposici\u00f3n para participar en este exitoso ejercicio de vacunaci\u00f3n dentro de los centros de trabajo, pues todas las empresas participantes como Marelli, COMPAS, Nissan, Flex y Sensata han permitido que el proceso de aplicaci\u00f3n sea mucho m\u00e1s r\u00e1pido y eficiente para lograr las metas de inmunizaci\u00f3n en el estado y con ello proteger a la poblaci\u00f3n contra el COVID 19.<\/p>\n<p>Al realizar un recorrido por las tres empresas que fueron centros de vacunaci\u00f3n, el gobernador del estado apunt\u00f3 que se buscar\u00e1 tambi\u00e9n llevar estos m\u00f3dulos a las universidades, para lo cual se han iniciado pl\u00e1ticas con la secretar\u00eda de Bienestar, as\u00ed como con la SEDENA para generar las opciones que sean posibles para lograr una mayor cobertura en la poblaci\u00f3n.<\/p>\n<p>Finalmente agradeci\u00f3 a los j\u00f3venes el entusiasmo que han tenido en las jornadas de vacunaci\u00f3n, pues se ha registrado una copiosa participaci\u00f3n tanto en los municipios como en las empresas, por lo que invit\u00f3 a la poblaci\u00f3n a que siga dando ejemplo y protegi\u00e9ndose con la vacuna ahora en los m\u00f3dulos de la capital del estado que estar\u00e1n activos este martes 3 de agosto, desde las 8:00 horas.<\/p>\n","protected":false},"excerpt":{"rendered":"<p>#informativoelvalledeaguascalientes #novaradioaguascalientes Se buscar\u00e1 llevar la inmunizaci\u00f3n a las universidades. Agradece Gobernador a empresas por su apoyo en la log\u00edstica de vacunaci\u00f3n Este martes 03 de agosto inicia la vacunaci\u00f3n a j\u00f3venes de 18 a 29 a\u00f1os de edad en la capital del estado y con ello se estar\u00e1 logrando la aplicaci\u00f3n de primeras dosis [&hellip;]<\/p>\n","protected":false},"author":1,"featured_media":21830,"comment_status":"closed","ping_status":"open","sticky":false,"template":"","format":"standard","meta":{"advanced_seo_description":"","jetpack_seo_html_title":"","jetpack_seo_noindex":false,"_jetpack_memberships_contains_paid_content":false,"footnotes":"","jetpack_publicize_message":"","jetpack_publicize_feature_enabled":true,"jetpack_social_post_already_shared":true,"jetpack_social_options":{"image_generator_settings":{"template":"highway","default_image_id":0,"font":"","enabled":false},"version":2}},"categories":[21,4],"tags":[22,30,31],"class_list":["post-21829","post","type-post","status-publish","format-standard","has-post-thumbnail","hentry","category-aguascalientes","category-gobierno-del-estado-aguascalientes","tag-aguascalientes","tag-issea","tag-mos"],"jetpack_publicize_connections":[],"jetpack_featured_media_url":"https:\/\/i0.wp.com\/informativoelvalledeaguascalientes.online\/wp-content\/uploads\/2021\/08\/unnamed-1.jpg?fit=1280%2C853&ssl=1","jetpack-related-posts":[],"jetpack_sharing_enabled":true,"jetpack_likes_enabled":true,"_links":{"self":[{"href":"https:\/\/informativoelvalledeaguascalientes.online\/index.php?rest_route=\/wp\/v2\/posts\/21829","targetHints":{"allow":["GET"]}}],"collection":[{"href":"https:\/\/informativoelvalledeaguascalientes.online\/index.php?rest_route=\/wp\/v2\/posts"}],"about":[{"href":"https:\/\/informativoelvalledeaguascalientes.online\/index.php?rest_route=\/wp\/v2\/types\/post"}],"author":[{"embeddable":true,"href":"https:\/\/informativoelvalledeaguascalientes.online\/index.php?rest_route=\/wp\/v2\/users\/1"}],"replies":[{"embeddable":true,"href":"https:\/\/informativoelvalledeaguascalientes.online\/index.php?rest_route=%2Fwp%2Fv2%2Fcomments&post=21829"}],"version-history":[{"count":1,"href":"https:\/\/informativoelvalledeaguascalientes.online\/index.php?rest_route=\/wp\/v2\/posts\/21829\/revisions"}],"predecessor-version":[{"id":21831,"href":"https:\/\/informativoelvalledeaguascalientes.online\/index.php?rest_route=\/wp\/v2\/posts\/21829\/revisions\/21831"}],"wp:featuredmedia":[{"embeddable":true,"href":"https:\/\/informativoelvalledeaguascalientes.online\/index.php?rest_route=\/wp\/v2\/media\/21830"}],"wp:attachment":[{"href":"https:\/\/informativoelvalledeaguascalientes.online\/index.php?rest_route=%2Fwp%2Fv2%2Fmedia&parent=21829"}],"wp:term":[{"taxonomy":"category","embeddable":true,"href":"https:\/\/informativoelvalledeaguascalientes.online\/index.php?rest_route=%2Fwp%2Fv2%2Fcategories&post=21829"},{"taxonomy":"post_tag","embeddable":true,"href":"https:\/\/informativoelvalledeaguascalientes.online\/index.php?rest_route=%2Fwp%2Fv2%2Ftags&post=21829"}],"curies":[{"name":"wp","href":"https:\/\/api.w.org\/{rel}","templated":true}]}}