{"id":21826,"date":"2021-08-02T23:18:41","date_gmt":"2021-08-03T05:18:41","guid":{"rendered":"https:\/\/informativoelvalledeaguascalientes.online\/?p=21826"},"modified":"2021-08-02T23:18:41","modified_gmt":"2021-08-03T05:18:41","slug":"inicia-semana-mundial-de-lactancia-materna","status":"publish","type":"post","link":"https:\/\/informativoelvalledeaguascalientes.online\/?p=21826","title":{"rendered":"INICIA SEMANA MUNDIAL DE LACTANCIA MATERNA"},"content":{"rendered":"<p dir=\"ltr\">\n<p>#informativoelvalledeaguascalientes #novaradioaguascalientes<\/p>\n<p dir=\"ltr\">Con motivo de la Semana Mundial de Lactancia Materna, que en esta ocasi\u00f3n llevar\u00e1 por lema \u201c\u00a1Apoyar la lactancia materna contribuye a un planeta m\u00e1s saludable!\u201d, la Secretar\u00eda de Salud de Aguascalientes dio inicio al ciclo de conferencias virtuales, que se llevar\u00e1n a cabo del 2 al 6 de agosto, en las que se abordar\u00e1n temas dirigidos a difundir la importancia de proteger la lactancia materna como una forma de mejorar la salud p\u00fablica.<\/p>\n<p>&nbsp;<\/p>\n<p dir=\"ltr\">Al encabezar el evento, el responsable estatal de Salud Materna y Perinatal del Instituto de Servicios de Salud del Estado de Aguascalientes (ISSEA), Salvador Arturo Zamudio Ort\u00edz, inform\u00f3 que el primer tema que abordar\u00e1n destacados especialistas en el ciclo de conferencias ser\u00e1 \u201cAlimentaci\u00f3n durante el embarazo y lactancia materna\u201d, posteriormente \u201cEl impacto de la lactancia\u201d, \u201cDesarrollo infantil y lactancia materna\u201d, \u201cBanco de leche\u201d y finalmente, \u201cEl impacto de apoyo en la lactancia materna\u201d.<\/p>\n<p>&nbsp;<\/p>\n<p dir=\"ltr\">Finalmente, destac\u00f3 que la lactancia es sustentable, un recurso renovable, que no contamina y que genera m\u00faltiples beneficios a la salud de la madre y de su hijo, as\u00ed como a su econom\u00eda familiar<\/p>\n","protected":false},"excerpt":{"rendered":"<p>#informativoelvalledeaguascalientes #novaradioaguascalientes Con motivo de la Semana Mundial de Lactancia Materna, que en esta ocasi\u00f3n llevar\u00e1 por lema \u201c\u00a1Apoyar la lactancia materna contribuye a un planeta m\u00e1s saludable!\u201d, la Secretar\u00eda de Salud de Aguascalientes dio inicio al ciclo de conferencias virtuales, que se llevar\u00e1n a cabo del 2 al 6 de agosto, en las que [&hellip;]<\/p>\n","protected":false},"author":1,"featured_media":21827,"comment_status":"closed","ping_status":"open","sticky":false,"template":"","format":"standard","meta":{"advanced_seo_description":"","jetpack_seo_html_title":"","jetpack_seo_noindex":false,"_jetpack_memberships_contains_paid_content":false,"footnotes":"","jetpack_publicize_message":"","jetpack_publicize_feature_enabled":true,"jetpack_social_post_already_shared":true,"jetpack_social_options":{"image_generator_settings":{"template":"highway","default_image_id":0,"font":"","enabled":false},"version":2}},"categories":[21,4],"tags":[22,30],"class_list":["post-21826","post","type-post","status-publish","format-standard","has-post-thumbnail","hentry","category-aguascalientes","category-gobierno-del-estado-aguascalientes","tag-aguascalientes","tag-issea"],"jetpack_publicize_connections":[],"jetpack_featured_media_url":"https:\/\/i0.wp.com\/informativoelvalledeaguascalientes.online\/wp-content\/uploads\/2021\/08\/WhatsApp-Image-2021-08-02-at-1.25.13-PM.jpeg?fit=1280%2C1011&ssl=1","jetpack-related-posts":[],"jetpack_sharing_enabled":true,"jetpack_likes_enabled":true,"_links":{"self":[{"href":"https:\/\/informativoelvalledeaguascalientes.online\/index.php?rest_route=\/wp\/v2\/posts\/21826","targetHints":{"allow":["GET"]}}],"collection":[{"href":"https:\/\/informativoelvalledeaguascalientes.online\/index.php?rest_route=\/wp\/v2\/posts"}],"about":[{"href":"https:\/\/informativoelvalledeaguascalientes.online\/index.php?rest_route=\/wp\/v2\/types\/post"}],"author":[{"embeddable":true,"href":"https:\/\/informativoelvalledeaguascalientes.online\/index.php?rest_route=\/wp\/v2\/users\/1"}],"replies":[{"embeddable":true,"href":"https:\/\/informativoelvalledeaguascalientes.online\/index.php?rest_route=%2Fwp%2Fv2%2Fcomments&post=21826"}],"version-history":[{"count":1,"href":"https:\/\/informativoelvalledeaguascalientes.online\/index.php?rest_route=\/wp\/v2\/posts\/21826\/revisions"}],"predecessor-version":[{"id":21828,"href":"https:\/\/informativoelvalledeaguascalientes.online\/index.php?rest_route=\/wp\/v2\/posts\/21826\/revisions\/21828"}],"wp:featuredmedia":[{"embeddable":true,"href":"https:\/\/informativoelvalledeaguascalientes.online\/index.php?rest_route=\/wp\/v2\/media\/21827"}],"wp:attachment":[{"href":"https:\/\/informativoelvalledeaguascalientes.online\/index.php?rest_route=%2Fwp%2Fv2%2Fmedia&parent=21826"}],"wp:term":[{"taxonomy":"category","embeddable":true,"href":"https:\/\/informativoelvalledeaguascalientes.online\/index.php?rest_route=%2Fwp%2Fv2%2Fcategories&post=21826"},{"taxonomy":"post_tag","embeddable":true,"href":"https:\/\/informativoelvalledeaguascalientes.online\/index.php?rest_route=%2Fwp%2Fv2%2Ftags&post=21826"}],"curies":[{"name":"wp","href":"https:\/\/api.w.org\/{rel}","templated":true}]}}