{"id":21811,"date":"2021-08-02T18:12:07","date_gmt":"2021-08-03T00:12:07","guid":{"rendered":"https:\/\/informativoelvalledeaguascalientes.online\/?p=21811"},"modified":"2021-08-02T18:12:07","modified_gmt":"2021-08-03T00:12:07","slug":"ninos-y-jovenes-celebran-cuatro-anos-de-exito-en-la-comunidad-de-orquestas-municipales","status":"publish","type":"post","link":"https:\/\/informativoelvalledeaguascalientes.online\/?p=21811","title":{"rendered":"NI\u00d1OS Y J\u00d3VENES CELEBRAN CUATRO A\u00d1OS DE \u00c9XITO EN LA COMUNIDAD DE ORQUESTAS MUNICIPALES"},"content":{"rendered":"<p>#informativoelvalledeaguascalientes , #novaradioaguascalientes<\/p>\n<p>En agosto de 2017 el Municipio de Aguascalientes inici\u00f3 el\u00a0 hist\u00f3rico proyecto de la Comunidad de Orquestas Municipales (COMP\u00c1Z) que a trav\u00e9s de la m\u00fasica y la educaci\u00f3n art\u00edstica, ha cambiado positivamente la vida de miles de ni\u00f1as, ni\u00f1os y j\u00f3venes que habitan en zonas vulnerables.<\/p>\n<p>Para celebrar su consolidaci\u00f3n, la\u00a0tarde de este domingo, se llev\u00f3 a cabo una emotiva convivencia en la que se\u00a0 reconoci\u00f3 a\u00a0 ni\u00f1os y j\u00f3venes de educaci\u00f3n especial que han tenido la oportunidad de desarrollar su potencial en este espacio incluyente.<\/p>\n<p>De\u00a0 manera exitosa el alumnado ha demostrado su talento en destacadas presentaciones integrados en una Big Band, Banda Sinf\u00f3nica Infantil y Juvenil, camerata, m\u00fasica popular y\u00a0 tradicional en importantes foros como el Festival Cultural de la Ciudad y el Corredor Cultural Carranza, acompa\u00f1ando a talentos art\u00edsticos de talla nacional e internacional.<\/p>\n<p>A trav\u00e9s del Instituto Municipal Aguascalentense para la Cultura (IMAC) se han consolidado dos escuelas, la primera fundada en Lomas del Mirador y la reci\u00e9n creada en la delegaci\u00f3n Pocitos,\u00a0 en donde alumnos de 7 a 17 a\u00f1os de edad han aprendido de manera formal a tocar instrumentos como flauta, clarinete, tromb\u00f3n, trompeta, tuba, percusi\u00f3n, destacando que las primeras generaciones han transcendido a estudiar m\u00fasica a nivel superior.<\/p>\n","protected":false},"excerpt":{"rendered":"<p>#informativoelvalledeaguascalientes , #novaradioaguascalientes En agosto de 2017 el Municipio de Aguascalientes inici\u00f3 el\u00a0 hist\u00f3rico proyecto de la Comunidad de Orquestas Municipales (COMP\u00c1Z) que a trav\u00e9s de la m\u00fasica y la educaci\u00f3n art\u00edstica, ha cambiado positivamente la vida de miles de ni\u00f1as, ni\u00f1os y j\u00f3venes que habitan en zonas vulnerables. Para celebrar su consolidaci\u00f3n, la\u00a0tarde de [&hellip;]<\/p>\n","protected":false},"author":1,"featured_media":21812,"comment_status":"closed","ping_status":"open","sticky":false,"template":"","format":"standard","meta":{"advanced_seo_description":"","jetpack_seo_html_title":"","jetpack_seo_noindex":false,"_jetpack_memberships_contains_paid_content":false,"footnotes":"","jetpack_publicize_message":"","jetpack_publicize_feature_enabled":true,"jetpack_social_post_already_shared":true,"jetpack_social_options":{"image_generator_settings":{"template":"highway","default_image_id":0,"font":"","enabled":false},"version":2}},"categories":[21,3],"tags":[22,25,118],"class_list":["post-21811","post","type-post","status-publish","format-standard","has-post-thumbnail","hentry","category-aguascalientes","category-municipio-aguascalientes","tag-aguascalientes","tag-mpio-aguascalientes","tag-mpio-aguascalientes-imac"],"jetpack_publicize_connections":[],"jetpack_featured_media_url":"https:\/\/i0.wp.com\/informativoelvalledeaguascalientes.online\/wp-content\/uploads\/2021\/08\/20210801182833_IMG_2720.jpg?fit=2400%2C1600&ssl=1","jetpack-related-posts":[],"jetpack_sharing_enabled":true,"jetpack_likes_enabled":true,"_links":{"self":[{"href":"https:\/\/informativoelvalledeaguascalientes.online\/index.php?rest_route=\/wp\/v2\/posts\/21811","targetHints":{"allow":["GET"]}}],"collection":[{"href":"https:\/\/informativoelvalledeaguascalientes.online\/index.php?rest_route=\/wp\/v2\/posts"}],"about":[{"href":"https:\/\/informativoelvalledeaguascalientes.online\/index.php?rest_route=\/wp\/v2\/types\/post"}],"author":[{"embeddable":true,"href":"https:\/\/informativoelvalledeaguascalientes.online\/index.php?rest_route=\/wp\/v2\/users\/1"}],"replies":[{"embeddable":true,"href":"https:\/\/informativoelvalledeaguascalientes.online\/index.php?rest_route=%2Fwp%2Fv2%2Fcomments&post=21811"}],"version-history":[{"count":1,"href":"https:\/\/informativoelvalledeaguascalientes.online\/index.php?rest_route=\/wp\/v2\/posts\/21811\/revisions"}],"predecessor-version":[{"id":21813,"href":"https:\/\/informativoelvalledeaguascalientes.online\/index.php?rest_route=\/wp\/v2\/posts\/21811\/revisions\/21813"}],"wp:featuredmedia":[{"embeddable":true,"href":"https:\/\/informativoelvalledeaguascalientes.online\/index.php?rest_route=\/wp\/v2\/media\/21812"}],"wp:attachment":[{"href":"https:\/\/informativoelvalledeaguascalientes.online\/index.php?rest_route=%2Fwp%2Fv2%2Fmedia&parent=21811"}],"wp:term":[{"taxonomy":"category","embeddable":true,"href":"https:\/\/informativoelvalledeaguascalientes.online\/index.php?rest_route=%2Fwp%2Fv2%2Fcategories&post=21811"},{"taxonomy":"post_tag","embeddable":true,"href":"https:\/\/informativoelvalledeaguascalientes.online\/index.php?rest_route=%2Fwp%2Fv2%2Ftags&post=21811"}],"curies":[{"name":"wp","href":"https:\/\/api.w.org\/{rel}","templated":true}]}}