{"id":21690,"date":"2021-07-27T14:30:58","date_gmt":"2021-07-27T20:30:58","guid":{"rendered":"https:\/\/informativoelvalledeaguascalientes.online\/?p=21690"},"modified":"2021-07-27T14:30:58","modified_gmt":"2021-07-27T20:30:58","slug":"municipio-ags-invita-a-participar-en-el-miercoles-ciudadano-ambiental","status":"publish","type":"post","link":"https:\/\/informativoelvalledeaguascalientes.online\/?p=21690","title":{"rendered":"MUNICIPIO AGS. INVITA A PARTICIPAR EN EL MI\u00c9RCOLES CIUDADANO AMBIENTAL"},"content":{"rendered":"<p>#informativoelvalledeaguascalientes #novaradioaguascalientes<\/p>\n<div class=\"opinion-section opinion-single-cover opinion-indent opinion-overlay\">\n<div class=\"container\">\n<div class=\"section-head row justify-content-center text-center\">\n<div class=\"col-12 col-md-8\">\n<div class=\"section-meta\"><\/div>\n<\/div>\n<\/div>\n<\/div>\n<\/div>\n<div class=\"opinion-section\">\n<div class=\"container\">\n<div class=\"section-content row justify-content-center\">\n<div class=\"col-12 col-lg-8 opinion-order-1\">\n<article class=\"opinion-post opinion-single post-32558 post type-post status-publish format-standard has-post-thumbnail hentry category-miercoles-ciudadano tag-medio-ambiente tag-miercoles-ciudadano-tematico tag-talleres\">\n<div class=\"entry-content\">\n<p>El Ayuntamiento de Aguascalientes invita a la poblaci\u00f3n en general, a asistir este 28 de julio a Palacio Municipal y participar en el Mi\u00e9rcoles Ciudadano que en esta ocasi\u00f3n desarrollar\u00e1 talleres con tem\u00e1ticas de cuidado ambiental.<\/p>\n<p>A partir de las 9:30 horas, los asistentes podr\u00e1n integrarse a actividades como: aromaterapia y farmacia, microhuertos, casa de la ciencia y en punto de las 11:00 horas presenciar la obra de teatro gui\u00f1ol denominada \u201cCochin\u00f3n\u201d;\u00a0 acciones que fomentan el cuidado y la preservaci\u00f3n del entorno y\u00a0 los recursos naturales.<\/p>\n<\/div>\n<\/article>\n<\/div>\n<\/div>\n<\/div>\n<\/div>\n","protected":false},"excerpt":{"rendered":"<p>#informativoelvalledeaguascalientes #novaradioaguascalientes El Ayuntamiento de Aguascalientes invita a la poblaci\u00f3n en general, a asistir este 28 de julio a Palacio Municipal y participar en el Mi\u00e9rcoles Ciudadano que en esta ocasi\u00f3n desarrollar\u00e1 talleres con tem\u00e1ticas de cuidado ambiental. A partir de las 9:30 horas, los asistentes podr\u00e1n integrarse a actividades como: aromaterapia y farmacia, microhuertos, [&hellip;]<\/p>\n","protected":false},"author":1,"featured_media":21691,"comment_status":"closed","ping_status":"open","sticky":false,"template":"","format":"standard","meta":{"advanced_seo_description":"","jetpack_seo_html_title":"","jetpack_seo_noindex":false,"_jetpack_memberships_contains_paid_content":false,"footnotes":"","jetpack_publicize_message":"","jetpack_publicize_feature_enabled":true,"jetpack_social_post_already_shared":true,"jetpack_social_options":{"image_generator_settings":{"template":"highway","default_image_id":0,"font":"","enabled":false},"version":2}},"categories":[21,3],"tags":[22,25],"class_list":["post-21690","post","type-post","status-publish","format-standard","has-post-thumbnail","hentry","category-aguascalientes","category-municipio-aguascalientes","tag-aguascalientes","tag-mpio-aguascalientes"],"jetpack_publicize_connections":[],"jetpack_featured_media_url":"https:\/\/i0.wp.com\/informativoelvalledeaguascalientes.online\/wp-content\/uploads\/2021\/07\/mpio_mc_amb_27072021.jpeg?fit=719%2C1280&ssl=1","jetpack-related-posts":[],"jetpack_sharing_enabled":true,"jetpack_likes_enabled":true,"_links":{"self":[{"href":"https:\/\/informativoelvalledeaguascalientes.online\/index.php?rest_route=\/wp\/v2\/posts\/21690","targetHints":{"allow":["GET"]}}],"collection":[{"href":"https:\/\/informativoelvalledeaguascalientes.online\/index.php?rest_route=\/wp\/v2\/posts"}],"about":[{"href":"https:\/\/informativoelvalledeaguascalientes.online\/index.php?rest_route=\/wp\/v2\/types\/post"}],"author":[{"embeddable":true,"href":"https:\/\/informativoelvalledeaguascalientes.online\/index.php?rest_route=\/wp\/v2\/users\/1"}],"replies":[{"embeddable":true,"href":"https:\/\/informativoelvalledeaguascalientes.online\/index.php?rest_route=%2Fwp%2Fv2%2Fcomments&post=21690"}],"version-history":[{"count":1,"href":"https:\/\/informativoelvalledeaguascalientes.online\/index.php?rest_route=\/wp\/v2\/posts\/21690\/revisions"}],"predecessor-version":[{"id":21692,"href":"https:\/\/informativoelvalledeaguascalientes.online\/index.php?rest_route=\/wp\/v2\/posts\/21690\/revisions\/21692"}],"wp:featuredmedia":[{"embeddable":true,"href":"https:\/\/informativoelvalledeaguascalientes.online\/index.php?rest_route=\/wp\/v2\/media\/21691"}],"wp:attachment":[{"href":"https:\/\/informativoelvalledeaguascalientes.online\/index.php?rest_route=%2Fwp%2Fv2%2Fmedia&parent=21690"}],"wp:term":[{"taxonomy":"category","embeddable":true,"href":"https:\/\/informativoelvalledeaguascalientes.online\/index.php?rest_route=%2Fwp%2Fv2%2Fcategories&post=21690"},{"taxonomy":"post_tag","embeddable":true,"href":"https:\/\/informativoelvalledeaguascalientes.online\/index.php?rest_route=%2Fwp%2Fv2%2Ftags&post=21690"}],"curies":[{"name":"wp","href":"https:\/\/api.w.org\/{rel}","templated":true}]}}