{"id":21678,"date":"2021-07-27T14:15:12","date_gmt":"2021-07-27T20:15:12","guid":{"rendered":"https:\/\/informativoelvalledeaguascalientes.online\/?p=21678"},"modified":"2021-07-27T14:15:12","modified_gmt":"2021-07-27T20:15:12","slug":"diputacion-permanente-convoco-a-periodo-extraordinario-2","status":"publish","type":"post","link":"https:\/\/informativoelvalledeaguascalientes.online\/?p=21678","title":{"rendered":"DIPUTACI\u00d3N PERMANENTE CONVOC\u00d3 A PER\u00cdODO EXTRAORDINARIO"},"content":{"rendered":"<p>#informativoelvalledeaguascalientes #novaradioaguascalientes<\/p>\n<p><strong>\u00a0<\/strong><\/p>\n<ul>\n<li><em>El domingo 25 de julio, a las 11:00 horas, en el Recinto Oficial Soberana Convenci\u00f3n Revolucionaria de Aguascalientes, se realizar\u00e1 la sesi\u00f3n plenaria.<\/em><\/li>\n<\/ul>\n<p><strong>\u00a0<\/strong><\/p>\n<ul>\n<li><em>Abordar\u00e1n temas como la designaci\u00f3n del nuevo titular de la PROESPA, del Fiscal Especializado en Delitos Electorales, entre otros t\u00f3picos.<\/em><\/li>\n<\/ul>\n<p><strong>\u00a0<\/strong><\/p>\n<p><strong>\u00a0<\/strong><\/p>\n<p>Durante la sesi\u00f3n ordinaria de la Diputaci\u00f3n Permanente, que encabeza el diputado Jos\u00e9 Manuel Velasco Serna, se emiti\u00f3 la convocatoria al Pleno de la LXIV Legislatura para realizar un segundo per\u00edodo extraordinario, correspondiente al tercer a\u00f1o de ejercicio constitucional, este domingo 25 de julio, a las 11 horas, en el Recinto Oficial Soberana Convenci\u00f3n Revolucionaria de Aguascalientes.<\/p>\n<p>&nbsp;<\/p>\n<p>En este contexto, en esa asamblea se abordar\u00e1n las designaciones del nuevo titular de la Procuradur\u00eda Estatal de Protecci\u00f3n al Ambiente (PROESPA) y del Fiscal Especializados en Delitos Electorales.<\/p>\n<p>&nbsp;<\/p>\n<p>Adem\u00e1s del desahogo de dict\u00e1menes que formularon las Comisiones de Vigilancia, de la Familia y los Derechos de la Ni\u00f1ez, entre otros t\u00f3picos.<\/p>\n<p>&nbsp;<\/p>\n<p>De manera previa, a las 10:00 horas, se realizar\u00e1 la sesi\u00f3n en la que se elegir\u00e1 a la mesa directiva que encabezar\u00e1 los trabajos de este segundo per\u00edodo extraordinario.<\/p>\n<p>&nbsp;<\/p>\n<p>Tras lo anterior y sin registrarse participaciones en el apartado de asuntos generales, el diputado Jos\u00e9 Manuel Velasco Serna procedi\u00f3 a la clausura de la presente reuni\u00f3n, al tiempo que inform\u00f3 de la siguiente asamblea de la Permanente, la cual estar\u00e1 sujeta a previo aviso de fecha, hora y lugar que de a conocer al Secretar\u00eda General del Poder Legislativo.<\/p>\n<p>&nbsp;<\/p>\n","protected":false},"excerpt":{"rendered":"<p>#informativoelvalledeaguascalientes #novaradioaguascalientes \u00a0 El domingo 25 de julio, a las 11:00 horas, en el Recinto Oficial Soberana Convenci\u00f3n Revolucionaria de Aguascalientes, se realizar\u00e1 la sesi\u00f3n plenaria. \u00a0 Abordar\u00e1n temas como la designaci\u00f3n del nuevo titular de la PROESPA, del Fiscal Especializado en Delitos Electorales, entre otros t\u00f3picos. \u00a0 \u00a0 Durante la sesi\u00f3n ordinaria de la [&hellip;]<\/p>\n","protected":false},"author":1,"featured_media":21679,"comment_status":"closed","ping_status":"open","sticky":false,"template":"","format":"standard","meta":{"advanced_seo_description":"","jetpack_seo_html_title":"","jetpack_seo_noindex":false,"_jetpack_memberships_contains_paid_content":false,"footnotes":"","jetpack_publicize_message":"","jetpack_publicize_feature_enabled":true,"jetpack_social_post_already_shared":true,"jetpack_social_options":{"image_generator_settings":{"template":"highway","default_image_id":0,"font":"","enabled":false},"version":2}},"categories":[21,5],"tags":[22,44],"class_list":["post-21678","post","type-post","status-publish","format-standard","has-post-thumbnail","hentry","category-aguascalientes","category-h-congreso-del-estado-aguascalientes","tag-aguascalientes","tag-lxiv-legislatura-aguascalientes"],"jetpack_publicize_connections":[],"jetpack_featured_media_url":"https:\/\/i0.wp.com\/informativoelvalledeaguascalientes.online\/wp-content\/uploads\/2021\/07\/hce_ags_23072021.jpg?fit=1093%2C625&ssl=1","jetpack-related-posts":[],"jetpack_sharing_enabled":true,"jetpack_likes_enabled":true,"_links":{"self":[{"href":"https:\/\/informativoelvalledeaguascalientes.online\/index.php?rest_route=\/wp\/v2\/posts\/21678","targetHints":{"allow":["GET"]}}],"collection":[{"href":"https:\/\/informativoelvalledeaguascalientes.online\/index.php?rest_route=\/wp\/v2\/posts"}],"about":[{"href":"https:\/\/informativoelvalledeaguascalientes.online\/index.php?rest_route=\/wp\/v2\/types\/post"}],"author":[{"embeddable":true,"href":"https:\/\/informativoelvalledeaguascalientes.online\/index.php?rest_route=\/wp\/v2\/users\/1"}],"replies":[{"embeddable":true,"href":"https:\/\/informativoelvalledeaguascalientes.online\/index.php?rest_route=%2Fwp%2Fv2%2Fcomments&post=21678"}],"version-history":[{"count":1,"href":"https:\/\/informativoelvalledeaguascalientes.online\/index.php?rest_route=\/wp\/v2\/posts\/21678\/revisions"}],"predecessor-version":[{"id":21680,"href":"https:\/\/informativoelvalledeaguascalientes.online\/index.php?rest_route=\/wp\/v2\/posts\/21678\/revisions\/21680"}],"wp:featuredmedia":[{"embeddable":true,"href":"https:\/\/informativoelvalledeaguascalientes.online\/index.php?rest_route=\/wp\/v2\/media\/21679"}],"wp:attachment":[{"href":"https:\/\/informativoelvalledeaguascalientes.online\/index.php?rest_route=%2Fwp%2Fv2%2Fmedia&parent=21678"}],"wp:term":[{"taxonomy":"category","embeddable":true,"href":"https:\/\/informativoelvalledeaguascalientes.online\/index.php?rest_route=%2Fwp%2Fv2%2Fcategories&post=21678"},{"taxonomy":"post_tag","embeddable":true,"href":"https:\/\/informativoelvalledeaguascalientes.online\/index.php?rest_route=%2Fwp%2Fv2%2Ftags&post=21678"}],"curies":[{"name":"wp","href":"https:\/\/api.w.org\/{rel}","templated":true}]}}