{"id":21530,"date":"2021-07-21T17:01:33","date_gmt":"2021-07-21T23:01:33","guid":{"rendered":"https:\/\/informativoelvalledeaguascalientes.online\/?p=21530"},"modified":"2021-07-21T17:01:33","modified_gmt":"2021-07-21T23:01:33","slug":"prepara-gobierno-de-aguascalientes-estrategia-de-concientizacion-para-que-jovenes-se-vacunen","status":"publish","type":"post","link":"https:\/\/informativoelvalledeaguascalientes.online\/?p=21530","title":{"rendered":"PREPARA GOBIERNO DE AGUASCALIENTES ESTRATEGIA DE CONCIENTIZACI\u00d3N PARA QUE J\u00d3VENES SE VACUNEN\u00a0"},"content":{"rendered":"<p dir=\"ltr\"><strong>#informativoelvalledeaguascalientes , #novaradioaguascalientes<\/strong><\/p>\n<p>&nbsp;<\/p>\n<ul>\n<li dir=\"ltr\">\n<p dir=\"ltr\" role=\"presentation\">Se inici\u00f3 con la vacunaci\u00f3n para j\u00f3venes de 18 a 29 a\u00f1os en Aguascalientes<\/p>\n<\/li>\n<li dir=\"ltr\">\n<p dir=\"ltr\" role=\"presentation\">M\u00e1s del 50% de la poblaci\u00f3n de Aguascalientes ha sido vacunada contra COVID-19, al menos con una dosis<\/p>\n<\/li>\n<li dir=\"ltr\">\n<p dir=\"ltr\" role=\"presentation\">Mart\u00edn Orozco se reunir\u00e1 con grupos que trabajan con j\u00f3venes para unir esfuerzos e invitar a que acudan a recibir el biol\u00f3gico<\/p>\n<\/li>\n<\/ul>\n<p>&nbsp;<\/p>\n<p dir=\"ltr\">La vacuna contra el COVID-19 est\u00e1 funcionando, ya que la mayor parte de los pacientes que llegan a hospitales por complicaciones de este virus, son personas que no han recibido el biol\u00f3gico, de aqu\u00ed la importancia de que las y los j\u00f3venes de Aguascalientes respondan al llamado y acudan a las jornadas de vacunaci\u00f3n.<\/p>\n<p>&nbsp;<\/p>\n<p dir=\"ltr\">As\u00ed lo se\u00f1al\u00f3 el gobernador Mart\u00edn Orozco Sandoval al anunciar que se har\u00e1 un an\u00e1lisis de la participaci\u00f3n de j\u00f3venes de 18 a 29 a\u00f1os en la campa\u00f1a de hoy y ma\u00f1ana en los municipios del interior, para el pr\u00f3ximo viernes reunirse con diversos sectores y buscar medidas en conjunto para concientizar a este grupo poblacional sobre la importancia de la inoculaci\u00f3n.<\/p>\n<p>&nbsp;<\/p>\n<p dir=\"ltr\">Orozco Sandoval dio a conocer que m\u00e1s del 50% de la poblaci\u00f3n de Aguascalientes ya ha sido vacunada contra el COVID-19, al menos con una dosis, lo cual representa un avance, pero los esfuerzos deben continuar al igual que las medidas sanitarias para cuidar la salud.<\/p>\n<p>&nbsp;<\/p>\n<p dir=\"ltr\">El gobernador record\u00f3 que Aguascalientes es el primer estado no fronterizo que abre la vacunaci\u00f3n para j\u00f3venes a partir de los 18 a\u00f1os, e inform\u00f3 que para el jueves 22 de julio toca el turno a la poblaci\u00f3n de Pabell\u00f3n de Arteaga y Calvillo.<\/p>\n<p>&nbsp;<\/p>\n<p dir=\"ltr\">Adem\u00e1s, Orozco Sandoval pidi\u00f3 apoyo a los medios de comunicaci\u00f3n, para difundir el mensaje de la importancia de la vacunaci\u00f3n como una medida para protegernos de complicaciones con el virus, que pueden desembocar en hospitalizaciones o en la muerte.<\/p>\n<p>&nbsp;<\/p>\n<p dir=\"ltr\">Por su parte, Ruth Guzm\u00e1n Cuevas, titular del Instituto Aguascalentense de la Juventud (IAJU), acompa\u00f1ada de j\u00f3venes representantes de diversas esferas, se\u00f1al\u00f3 que acudir a vacunarse permitir\u00e1 terminar con la pandemia y poder regresar a la normalidad lo m\u00e1s pronto posible, recuperando importantes actividades como la educaci\u00f3n presencial y el deporte.<\/p>\n<p>&nbsp;<\/p>\n<p dir=\"ltr\">Finalmente, Miguel \u00c1ngel Piza, secretario de Salud en la entidad, se\u00f1al\u00f3 que a partir de los 18 a\u00f1os, toda la poblaci\u00f3n que haya quedado rezagada podr\u00e1 asistir a los m\u00f3dulos de vacunaci\u00f3n a recibir su primera dosis; y remarc\u00f3 que los casos que actualmente est\u00e1n llegando al hospital con complicaciones por el COVID-19, son de personas que no se han vacunado.<\/p>\n<p>&nbsp;<\/p>\n<p dir=\"ltr\">Respecto al informe t\u00e9cnico del d\u00eda de hoy, se registran 54 nuevos contagios sumando un total de 23 mil 615 casos desde el inicio de la pandemia de los 83 mil 182 analizados; hoy no se confirma ning\u00fan fallecimiento a causa del virus.<\/p>\n","protected":false},"excerpt":{"rendered":"<p>#informativoelvalledeaguascalientes , #novaradioaguascalientes &nbsp; Se inici\u00f3 con la vacunaci\u00f3n para j\u00f3venes de 18 a 29 a\u00f1os en Aguascalientes M\u00e1s del 50% de la poblaci\u00f3n de Aguascalientes ha sido vacunada contra COVID-19, al menos con una dosis Mart\u00edn Orozco se reunir\u00e1 con grupos que trabajan con j\u00f3venes para unir esfuerzos e invitar a que acudan a [&hellip;]<\/p>\n","protected":false},"author":1,"featured_media":21531,"comment_status":"closed","ping_status":"open","sticky":false,"template":"","format":"standard","meta":{"advanced_seo_description":"","jetpack_seo_html_title":"","jetpack_seo_noindex":false,"_jetpack_memberships_contains_paid_content":false,"footnotes":"","jetpack_publicize_message":"","jetpack_publicize_feature_enabled":true,"jetpack_social_post_already_shared":true,"jetpack_social_options":{"image_generator_settings":{"template":"highway","default_image_id":0,"font":"","enabled":false},"version":2}},"categories":[21,4],"tags":[22,35,30,31],"class_list":["post-21530","post","type-post","status-publish","format-standard","has-post-thumbnail","hentry","category-aguascalientes","category-gobierno-del-estado-aguascalientes","tag-aguascalientes","tag-iaju","tag-issea","tag-mos"],"jetpack_publicize_connections":[],"jetpack_featured_media_url":"https:\/\/i0.wp.com\/informativoelvalledeaguascalientes.online\/wp-content\/uploads\/2021\/07\/WhatsApp-Image-2021-07-21-at-11.16.16-AM.jpeg?fit=1280%2C853&ssl=1","jetpack-related-posts":[],"jetpack_sharing_enabled":true,"jetpack_likes_enabled":true,"_links":{"self":[{"href":"https:\/\/informativoelvalledeaguascalientes.online\/index.php?rest_route=\/wp\/v2\/posts\/21530","targetHints":{"allow":["GET"]}}],"collection":[{"href":"https:\/\/informativoelvalledeaguascalientes.online\/index.php?rest_route=\/wp\/v2\/posts"}],"about":[{"href":"https:\/\/informativoelvalledeaguascalientes.online\/index.php?rest_route=\/wp\/v2\/types\/post"}],"author":[{"embeddable":true,"href":"https:\/\/informativoelvalledeaguascalientes.online\/index.php?rest_route=\/wp\/v2\/users\/1"}],"replies":[{"embeddable":true,"href":"https:\/\/informativoelvalledeaguascalientes.online\/index.php?rest_route=%2Fwp%2Fv2%2Fcomments&post=21530"}],"version-history":[{"count":1,"href":"https:\/\/informativoelvalledeaguascalientes.online\/index.php?rest_route=\/wp\/v2\/posts\/21530\/revisions"}],"predecessor-version":[{"id":21533,"href":"https:\/\/informativoelvalledeaguascalientes.online\/index.php?rest_route=\/wp\/v2\/posts\/21530\/revisions\/21533"}],"wp:featuredmedia":[{"embeddable":true,"href":"https:\/\/informativoelvalledeaguascalientes.online\/index.php?rest_route=\/wp\/v2\/media\/21531"}],"wp:attachment":[{"href":"https:\/\/informativoelvalledeaguascalientes.online\/index.php?rest_route=%2Fwp%2Fv2%2Fmedia&parent=21530"}],"wp:term":[{"taxonomy":"category","embeddable":true,"href":"https:\/\/informativoelvalledeaguascalientes.online\/index.php?rest_route=%2Fwp%2Fv2%2Fcategories&post=21530"},{"taxonomy":"post_tag","embeddable":true,"href":"https:\/\/informativoelvalledeaguascalientes.online\/index.php?rest_route=%2Fwp%2Fv2%2Ftags&post=21530"}],"curies":[{"name":"wp","href":"https:\/\/api.w.org\/{rel}","templated":true}]}}