{"id":21517,"date":"2021-07-21T16:15:14","date_gmt":"2021-07-21T22:15:14","guid":{"rendered":"https:\/\/informativoelvalledeaguascalientes.online\/?p=21517"},"modified":"2021-07-21T16:15:14","modified_gmt":"2021-07-21T22:15:14","slug":"camaras-empresariales-y-colegios-a-favor-de-la-mejora-continua-del-transporte-publico-en-aguascalientes","status":"publish","type":"post","link":"https:\/\/informativoelvalledeaguascalientes.online\/?p=21517","title":{"rendered":"C\u00c1MARAS EMPRESARIALES Y COLEGIOS A FAVOR DE LA MEJORA CONTINUA DEL TRANSPORTE P\u00daBLICO EN AGUASCALIENTES"},"content":{"rendered":"<p dir=\"ltr\">#informativoelvalledeaguascalientes , #novaradioaguascalientes<\/p>\n<p>&nbsp;<\/p>\n<ul>\n<li dir=\"ltr\">\n<p dir=\"ltr\" role=\"presentation\">Gobernador Mart\u00edn Orozco se reuni\u00f3 con empresarios para presentar avances del proyecto de movilidad<\/p>\n<\/li>\n<li dir=\"ltr\">\n<p dir=\"ltr\" role=\"presentation\">La mejora de este servicio permitir\u00e1 que trabajadores que forman parte de las c\u00e1maras empresariales puedan invertir mayor tiempo con sus familias: MOS<\/p>\n<\/li>\n<\/ul>\n<p>&nbsp;<\/p>\n<p dir=\"ltr\">El gobernador del estado Mart\u00edn Orozco Sandoval encabez\u00f3 un foro de di\u00e1logo con representantes de c\u00e1maras empresariales y colegios para presentar avances del proyecto de movilidad, entre ellos, el proceso de modernizaci\u00f3n del transporte colectivo urbano en Aguascalientes.<\/p>\n<p>&nbsp;<\/p>\n<p dir=\"ltr\">En este encuentro, el mandatario se\u00f1al\u00f3 que desde hace 5 a\u00f1os se plante\u00f3 el objetivo de transformar el transporte p\u00fablico, y que al d\u00eda de hoy se han dado cambios importantes como la renovaci\u00f3n del parque vehicular y la construcci\u00f3n de infraestructura para operadores y usuarios; asimismo, mencion\u00f3 que la eficiencia en la prestaci\u00f3n del servicio sigue siendo un compromiso que se requiere cumplir en lo que resta de su administraci\u00f3n.<\/p>\n<p>&nbsp;<\/p>\n<p dir=\"ltr\">Por ello, indic\u00f3 que con un servicio m\u00e1s eficiente, las y los trabajadores que forman parte de las c\u00e1maras empresariales podr\u00e1n invertir mayor tiempo con sus familias para\u00a0 convivencia o recreaci\u00f3n, por lo que la suma de esfuerzos con estos actores ser\u00e1 fundamental para materializar este objetivo.<\/p>\n<p>&nbsp;<\/p>\n<p dir=\"ltr\">Por su parte, Ra\u00fal Gonz\u00e1lez Alonso, presidente del Consejo Coordinador Empresarial de Aguascalientes (CCEA), se\u00f1al\u00f3 que este proyecto debe ser transexenal para que las pr\u00f3ximas administraciones garanticen la mejora continua del transporte p\u00fablico, espec\u00edficamente para que los trabajadores de las empresas que forman parte del CCEA puedan contar con un servicio seguro, confortable y eficiente.<\/p>\n<p>&nbsp;<\/p>\n<p dir=\"ltr\">En su momento, Roberto D\u00edaz Ruiz, presidente de la C\u00e1mara Nacional de Autotransporte de Carga (CANACAR) en el estado, aplaudi\u00f3 la decisi\u00f3n del gobierno estatal de retomar la rector\u00eda del transporte p\u00fablico, principalmente porque los operadores podr\u00e1n tener mejores condiciones laborales que est\u00e9n apegadas a la ley del trabajo, y por ende, que los miles de usuarios cuenten con un transporte p\u00fablico que est\u00e9 a la altura de sus necesidades.<\/p>\n<p>&nbsp;<\/p>\n<p dir=\"ltr\">Finalmente, Salom\u00f3n Guti\u00e9rrez Mayorga, empresario del transporte colectivo urbano en Aguascalientes, reconoci\u00f3 que ante la situaci\u00f3n actual de este servicio p\u00fablico se requieren mejoras para tener m\u00e1s eficiencia a corto, mediano y largo plazo, por lo que la suma de esfuerzos con c\u00e1maras empresariales, asociaciones civiles y principalmente del gobierno estatal ser\u00e1n determinantes para que los usuarios puedan tener un servicio de calidad en beneficio de su entorno laboral y familiar.<\/p>\n","protected":false},"excerpt":{"rendered":"<p>#informativoelvalledeaguascalientes , #novaradioaguascalientes &nbsp; Gobernador Mart\u00edn Orozco se reuni\u00f3 con empresarios para presentar avances del proyecto de movilidad La mejora de este servicio permitir\u00e1 que trabajadores que forman parte de las c\u00e1maras empresariales puedan invertir mayor tiempo con sus familias: MOS &nbsp; El gobernador del estado Mart\u00edn Orozco Sandoval encabez\u00f3 un foro de di\u00e1logo con [&hellip;]<\/p>\n","protected":false},"author":1,"featured_media":21519,"comment_status":"closed","ping_status":"open","sticky":false,"template":"","format":"standard","meta":{"advanced_seo_description":"","jetpack_seo_html_title":"","jetpack_seo_noindex":false,"_jetpack_memberships_contains_paid_content":false,"footnotes":"","jetpack_publicize_message":"","jetpack_publicize_feature_enabled":true,"jetpack_social_post_already_shared":true,"jetpack_social_options":{"image_generator_settings":{"template":"highway","default_image_id":0,"font":"","enabled":false},"version":2}},"categories":[21,4],"tags":[22,503,450,31],"class_list":["post-21517","post","type-post","status-publish","format-standard","has-post-thumbnail","hentry","category-aguascalientes","category-gobierno-del-estado-aguascalientes","tag-aguascalientes","tag-canacar","tag-ccea","tag-mos"],"jetpack_publicize_connections":[],"jetpack_featured_media_url":"https:\/\/i0.wp.com\/informativoelvalledeaguascalientes.online\/wp-content\/uploads\/2021\/07\/WhatsApp-Image-2021-07-21-at-11.02.18-AM-1.jpeg?fit=1280%2C778&ssl=1","jetpack-related-posts":[],"jetpack_sharing_enabled":true,"jetpack_likes_enabled":true,"_links":{"self":[{"href":"https:\/\/informativoelvalledeaguascalientes.online\/index.php?rest_route=\/wp\/v2\/posts\/21517","targetHints":{"allow":["GET"]}}],"collection":[{"href":"https:\/\/informativoelvalledeaguascalientes.online\/index.php?rest_route=\/wp\/v2\/posts"}],"about":[{"href":"https:\/\/informativoelvalledeaguascalientes.online\/index.php?rest_route=\/wp\/v2\/types\/post"}],"author":[{"embeddable":true,"href":"https:\/\/informativoelvalledeaguascalientes.online\/index.php?rest_route=\/wp\/v2\/users\/1"}],"replies":[{"embeddable":true,"href":"https:\/\/informativoelvalledeaguascalientes.online\/index.php?rest_route=%2Fwp%2Fv2%2Fcomments&post=21517"}],"version-history":[{"count":1,"href":"https:\/\/informativoelvalledeaguascalientes.online\/index.php?rest_route=\/wp\/v2\/posts\/21517\/revisions"}],"predecessor-version":[{"id":21520,"href":"https:\/\/informativoelvalledeaguascalientes.online\/index.php?rest_route=\/wp\/v2\/posts\/21517\/revisions\/21520"}],"wp:featuredmedia":[{"embeddable":true,"href":"https:\/\/informativoelvalledeaguascalientes.online\/index.php?rest_route=\/wp\/v2\/media\/21519"}],"wp:attachment":[{"href":"https:\/\/informativoelvalledeaguascalientes.online\/index.php?rest_route=%2Fwp%2Fv2%2Fmedia&parent=21517"}],"wp:term":[{"taxonomy":"category","embeddable":true,"href":"https:\/\/informativoelvalledeaguascalientes.online\/index.php?rest_route=%2Fwp%2Fv2%2Fcategories&post=21517"},{"taxonomy":"post_tag","embeddable":true,"href":"https:\/\/informativoelvalledeaguascalientes.online\/index.php?rest_route=%2Fwp%2Fv2%2Ftags&post=21517"}],"curies":[{"name":"wp","href":"https:\/\/api.w.org\/{rel}","templated":true}]}}