{"id":21514,"date":"2021-07-21T16:10:18","date_gmt":"2021-07-21T22:10:18","guid":{"rendered":"https:\/\/informativoelvalledeaguascalientes.online\/?p=21514"},"modified":"2021-07-21T16:10:18","modified_gmt":"2021-07-21T22:10:18","slug":"implementa-municipio-novedosa-dinamica-de-miercoles-ciudadanos-tematicos","status":"publish","type":"post","link":"https:\/\/informativoelvalledeaguascalientes.online\/?p=21514","title":{"rendered":"IMPLEMENTA MUNICIPIO NOVEDOSA DIN\u00c1MICA DE MI\u00c9RCOLES CIUDADANOS TEM\u00c1TICOS"},"content":{"rendered":"<p>#informativoelvalledeaguascalientes , #novaradioaguascalientes<\/p>\n<p>El Municipio de Aguascalientes a trav\u00e9s de la Secretar\u00eda de Comunicaci\u00f3n Social, implement\u00f3 un innovador formato para los Mi\u00e9rcoles Ciudadanos, en donde a trav\u00e9s de diferentes tem\u00e1ticas se ofrece un espacio de expresi\u00f3n para los m\u00faltiples sectores en los \u00e1mbitos deportivo, cultural, acad\u00e9mico, al tiempo de atender las solicitudes de la poblaci\u00f3n en general.<\/p>\n<p>Este 21 de julio el segundo patio de Palacio Municipal se convirti\u00f3 en un foro para dar a conocer nuevas manifestaciones musicales y deleitar a la poblaci\u00f3n con un espect\u00e1culo multidisciplinario en el que se present\u00f3 la \u201cCompa\u00f1\u00eda de \u00d3pera del Baj\u00edo\u201d quienes maravillaron los o\u00eddos del p\u00fablico con voces de bar\u00edtonos y sopranos que interpretaron piezas como \u201cGranada\u201d y \u201cThe Phantom of the Opera\u201d.<\/p>\n<p>En este mismo espacio cultural, tuvieron la oportunidad de dar a conocer su habilidad art\u00edstica, la familia de clarinetistas\u00a0<strong>Pascual P\u00e9rez<\/strong>\u00a0quienes han incursionado en orquestas locales y nacionales, adem\u00e1s del grupo de danza folcl\u00f3rica infantil Aztl\u00e1n.<\/p>\n<p>Los artistas reconocieron esta iniciativa la cual representa un gran apoyo para dar a conocer su propuesta art\u00edstica y proyectarse en futuras presentaciones.<\/p>\n","protected":false},"excerpt":{"rendered":"<p>#informativoelvalledeaguascalientes , #novaradioaguascalientes El Municipio de Aguascalientes a trav\u00e9s de la Secretar\u00eda de Comunicaci\u00f3n Social, implement\u00f3 un innovador formato para los Mi\u00e9rcoles Ciudadanos, en donde a trav\u00e9s de diferentes tem\u00e1ticas se ofrece un espacio de expresi\u00f3n para los m\u00faltiples sectores en los \u00e1mbitos deportivo, cultural, acad\u00e9mico, al tiempo de atender las solicitudes de la poblaci\u00f3n [&hellip;]<\/p>\n","protected":false},"author":1,"featured_media":21515,"comment_status":"closed","ping_status":"open","sticky":false,"template":"","format":"standard","meta":{"advanced_seo_description":"","jetpack_seo_html_title":"","jetpack_seo_noindex":false,"_jetpack_memberships_contains_paid_content":false,"footnotes":"","jetpack_publicize_message":"","jetpack_publicize_feature_enabled":true,"jetpack_social_post_already_shared":true,"jetpack_social_options":{"image_generator_settings":{"template":"highway","default_image_id":0,"font":"","enabled":false},"version":2}},"categories":[21,3],"tags":[22,25],"class_list":["post-21514","post","type-post","status-publish","format-standard","has-post-thumbnail","hentry","category-aguascalientes","category-municipio-aguascalientes","tag-aguascalientes","tag-mpio-aguascalientes"],"jetpack_publicize_connections":[],"jetpack_featured_media_url":"https:\/\/i0.wp.com\/informativoelvalledeaguascalientes.online\/wp-content\/uploads\/2021\/07\/20210721125437_IMG_0902.jpg?fit=2400%2C1600&ssl=1","jetpack-related-posts":[],"jetpack_sharing_enabled":true,"jetpack_likes_enabled":true,"_links":{"self":[{"href":"https:\/\/informativoelvalledeaguascalientes.online\/index.php?rest_route=\/wp\/v2\/posts\/21514","targetHints":{"allow":["GET"]}}],"collection":[{"href":"https:\/\/informativoelvalledeaguascalientes.online\/index.php?rest_route=\/wp\/v2\/posts"}],"about":[{"href":"https:\/\/informativoelvalledeaguascalientes.online\/index.php?rest_route=\/wp\/v2\/types\/post"}],"author":[{"embeddable":true,"href":"https:\/\/informativoelvalledeaguascalientes.online\/index.php?rest_route=\/wp\/v2\/users\/1"}],"replies":[{"embeddable":true,"href":"https:\/\/informativoelvalledeaguascalientes.online\/index.php?rest_route=%2Fwp%2Fv2%2Fcomments&post=21514"}],"version-history":[{"count":1,"href":"https:\/\/informativoelvalledeaguascalientes.online\/index.php?rest_route=\/wp\/v2\/posts\/21514\/revisions"}],"predecessor-version":[{"id":21516,"href":"https:\/\/informativoelvalledeaguascalientes.online\/index.php?rest_route=\/wp\/v2\/posts\/21514\/revisions\/21516"}],"wp:featuredmedia":[{"embeddable":true,"href":"https:\/\/informativoelvalledeaguascalientes.online\/index.php?rest_route=\/wp\/v2\/media\/21515"}],"wp:attachment":[{"href":"https:\/\/informativoelvalledeaguascalientes.online\/index.php?rest_route=%2Fwp%2Fv2%2Fmedia&parent=21514"}],"wp:term":[{"taxonomy":"category","embeddable":true,"href":"https:\/\/informativoelvalledeaguascalientes.online\/index.php?rest_route=%2Fwp%2Fv2%2Fcategories&post=21514"},{"taxonomy":"post_tag","embeddable":true,"href":"https:\/\/informativoelvalledeaguascalientes.online\/index.php?rest_route=%2Fwp%2Fv2%2Ftags&post=21514"}],"curies":[{"name":"wp","href":"https:\/\/api.w.org\/{rel}","templated":true}]}}