{"id":21499,"date":"2021-07-20T22:27:54","date_gmt":"2021-07-21T04:27:54","guid":{"rendered":"https:\/\/informativoelvalledeaguascalientes.online\/?p=21499"},"modified":"2021-07-20T22:27:54","modified_gmt":"2021-07-21T04:27:54","slug":"recuerdan-a-villa-en-el-98-aniversario-de-su-natalicio-como-simbolo-de-lucha-por-la-reivindicacion-social","status":"publish","type":"post","link":"https:\/\/informativoelvalledeaguascalientes.online\/?p=21499","title":{"rendered":"RECUERDAN A VILLA EN EL 98\u00b0 ANIVERSARIO DE SU NATALICIO COMO S\u00cdMBOLO DE LUCHA POR LA REIVINDICACI\u00d3N SOCIAL  \u00a0"},"content":{"rendered":"<p style=\"font-weight: 400;\">#informativoelvalledeaguascalientes , #novaradioaguascalientes<\/p>\n<ul>\n<li style=\"font-weight: 400;\"><strong><em>La mejor forma de honrar la memoria de Villa es generar las condiciones para impulsar el desarrollo integral de las personas\u00a0<\/em><\/strong><\/li>\n<\/ul>\n<p style=\"font-weight: 400;\"><strong><em>\u00a0<\/em><\/strong><\/p>\n<p style=\"font-weight: 400;\">\n<p style=\"font-weight: 400;\">El subsecretario de Gobierno, Manuel Cortina Reynoso, presidi\u00f3 la ceremonia c\u00edvica conmemorativa por el 98\u00b0 Aniversario de Luctuoso de Francisco Villa, en la que fue recordado como un s\u00edmbolo de lucha por la reivindicaci\u00f3n social de la Revoluci\u00f3n Mexicana.<\/p>\n<p style=\"font-weight: 400;\">\n<p style=\"font-weight: 400;\">Cortina Reynoso refiri\u00f3 que la mejor manera de honrar la memoria de este caudillo revolucionario es que se generen las condiciones necesarias para impulsar el desarrollo integral de cada persona que habita el pa\u00eds.<\/p>\n<p style=\"font-weight: 400;\">\n<p style=\"font-weight: 400;\">Por ello, refiri\u00f3, el Gobierno del Estado de Aguascalientes, trabaja permanentemente por conservar la paz social, la gobernabilidad, y el clima de estabilidad laboral que caracterizan a nuestra entidad, con el fin de continuar con el crecimiento econ\u00f3mico y social de todos.<\/p>\n<p style=\"font-weight: 400;\">\n<p style=\"font-weight: 400;\">El funcionario estatal se\u00f1al\u00f3 que de acuerdo a la \u00faltima valoraci\u00f3n subnacional realizada por el Doing Business, la regi\u00f3n del baj\u00edo integrada por Jalisco, Guanajuato, San Luis Potos\u00ed,\u00a0 Quer\u00e9taro y Aguascalientes, ha captado el 23 por ciento de la inversi\u00f3n extranjera directa.<\/p>\n","protected":false},"excerpt":{"rendered":"<p>#informativoelvalledeaguascalientes , #novaradioaguascalientes La mejor forma de honrar la memoria de Villa es generar las condiciones para impulsar el desarrollo integral de las personas\u00a0 \u00a0 El subsecretario de Gobierno, Manuel Cortina Reynoso, presidi\u00f3 la ceremonia c\u00edvica conmemorativa por el 98\u00b0 Aniversario de Luctuoso de Francisco Villa, en la que fue recordado como un s\u00edmbolo de [&hellip;]<\/p>\n","protected":false},"author":1,"featured_media":21500,"comment_status":"closed","ping_status":"open","sticky":false,"template":"","format":"standard","meta":{"advanced_seo_description":"","jetpack_seo_html_title":"","jetpack_seo_noindex":false,"_jetpack_memberships_contains_paid_content":false,"footnotes":"","jetpack_publicize_message":"","jetpack_publicize_feature_enabled":true,"jetpack_social_post_already_shared":true,"jetpack_social_options":{"image_generator_settings":{"template":"highway","default_image_id":0,"font":"","enabled":false},"version":2}},"categories":[21,4],"tags":[22,51],"class_list":["post-21499","post","type-post","status-publish","format-standard","has-post-thumbnail","hentry","category-aguascalientes","category-gobierno-del-estado-aguascalientes","tag-aguascalientes","tag-seggob"],"jetpack_publicize_connections":[],"jetpack_featured_media_url":"https:\/\/i0.wp.com\/informativoelvalledeaguascalientes.online\/wp-content\/uploads\/2021\/07\/WhatsApp-Image-2021-07-20-at-3.01.14-PM.jpeg?fit=1280%2C853&ssl=1","jetpack-related-posts":[],"jetpack_sharing_enabled":true,"jetpack_likes_enabled":true,"_links":{"self":[{"href":"https:\/\/informativoelvalledeaguascalientes.online\/index.php?rest_route=\/wp\/v2\/posts\/21499","targetHints":{"allow":["GET"]}}],"collection":[{"href":"https:\/\/informativoelvalledeaguascalientes.online\/index.php?rest_route=\/wp\/v2\/posts"}],"about":[{"href":"https:\/\/informativoelvalledeaguascalientes.online\/index.php?rest_route=\/wp\/v2\/types\/post"}],"author":[{"embeddable":true,"href":"https:\/\/informativoelvalledeaguascalientes.online\/index.php?rest_route=\/wp\/v2\/users\/1"}],"replies":[{"embeddable":true,"href":"https:\/\/informativoelvalledeaguascalientes.online\/index.php?rest_route=%2Fwp%2Fv2%2Fcomments&post=21499"}],"version-history":[{"count":1,"href":"https:\/\/informativoelvalledeaguascalientes.online\/index.php?rest_route=\/wp\/v2\/posts\/21499\/revisions"}],"predecessor-version":[{"id":21501,"href":"https:\/\/informativoelvalledeaguascalientes.online\/index.php?rest_route=\/wp\/v2\/posts\/21499\/revisions\/21501"}],"wp:featuredmedia":[{"embeddable":true,"href":"https:\/\/informativoelvalledeaguascalientes.online\/index.php?rest_route=\/wp\/v2\/media\/21500"}],"wp:attachment":[{"href":"https:\/\/informativoelvalledeaguascalientes.online\/index.php?rest_route=%2Fwp%2Fv2%2Fmedia&parent=21499"}],"wp:term":[{"taxonomy":"category","embeddable":true,"href":"https:\/\/informativoelvalledeaguascalientes.online\/index.php?rest_route=%2Fwp%2Fv2%2Fcategories&post=21499"},{"taxonomy":"post_tag","embeddable":true,"href":"https:\/\/informativoelvalledeaguascalientes.online\/index.php?rest_route=%2Fwp%2Fv2%2Ftags&post=21499"}],"curies":[{"name":"wp","href":"https:\/\/api.w.org\/{rel}","templated":true}]}}