{"id":21496,"date":"2021-07-20T22:24:43","date_gmt":"2021-07-21T04:24:43","guid":{"rendered":"https:\/\/informativoelvalledeaguascalientes.online\/?p=21496"},"modified":"2021-07-20T22:24:43","modified_gmt":"2021-07-21T04:24:43","slug":"martin-orozco-pone-en-marcha-acciones-de-trabajo-comunitario-para-mejorar-espacios-publicos","status":"publish","type":"post","link":"https:\/\/informativoelvalledeaguascalientes.online\/?p=21496","title":{"rendered":"MART\u00cdN OROZCO PONE EN MARCHA ACCIONES DE TRABAJO COMUNITARIO PARA MEJORAR ESPACIOS P\u00daBLICOS"},"content":{"rendered":"<p dir=\"ltr\">\n<p dir=\"ltr\">#informativoelvalledeaguascalientes , #novaradioaguascalientes<\/p>\n<ul>\n<li dir=\"ltr\">\n<p dir=\"ltr\" role=\"presentation\">Como parte del programa Gobernador Contigo, se realizar\u00e1 la rehabilitaci\u00f3n y limpieza de espacios p\u00fablicos en los que la ciudadan\u00eda podr\u00e1 participar.<\/p>\n<\/li>\n<li dir=\"ltr\">\n<p dir=\"ltr\" role=\"presentation\">El gobernador visit\u00f3 la primaria Agust\u00edn Melgar en donde observ\u00f3 un gran entusiasmo vecinal para rehabilitar y limpiar este plantel de forma voluntaria.<\/p>\n<\/li>\n<\/ul>\n<p dir=\"ltr\">\n<p dir=\"ltr\">Como parte de las actividades del programa Gobernador Contigo, Mart\u00edn Orozco Sandoval dio arranque a las acciones sociales de esta estrategia, en las que vecinos de diversas colonias har\u00e1n trabajo comunitario para rehabilitar y limpiar espacios p\u00fablicos como escuelas, parques, jardines, plazas, entre otros.<\/p>\n<p dir=\"ltr\">\n<p dir=\"ltr\">En esta primera intervenci\u00f3n, el mandatario estatal visit\u00f3 la \u201cEscuela Primaria Agust\u00edn Melgar\u201d en la colonia Insurgentes, uno de los pocos planteles que no pudieron regresar a clases presenciales, debido a la necesidad de reparar algunos ajustes en el tema sanitario.<\/p>\n<p dir=\"ltr\">\n<p dir=\"ltr\">Mart\u00edn Orozco gir\u00f3 la instrucci\u00f3n de que se empiece a trabajar de inmediato en esta materia, para que el pr\u00f3ximo 30 de agosto alumnas y alumnos puedan volver a clases sin ning\u00fan contratiempo.<\/p>\n<p dir=\"ltr\">\n<p dir=\"ltr\">Al acudir a esta escuela, en donde las y los vecinos realizaron acciones de rehabilitaci\u00f3n y limpieza, el mandatario aplaudi\u00f3 la labor voluntaria de colaborar activamente en la mejora de su entorno, en beneficio de la comunidad.<\/p>\n<p dir=\"ltr\">\n<p dir=\"ltr\">Se\u00f1al\u00f3 que los trabajos para dignificar sus espacios, son de gran satisfacci\u00f3n para las familias y fomentan din\u00e1micas de desarrollo m\u00e1s sanas entre todos los involucrados, por lo que estas acciones son parte fundamental del programa Gobernador Contigo.<\/p>\n<p dir=\"ltr\">\n<p dir=\"ltr\">Por su parte, el secretario de Desarrollo Social, Humberto Montero de Alba, se\u00f1al\u00f3 que se busca generar una din\u00e1mica de corresponsabilidad entre la ciudadan\u00eda y las diversas dependencias del gobierno, para que las propias familias puedan notar el antes y el despu\u00e9s de los resultados de trabajar en equipo.<\/p>\n<p dir=\"ltr\">\n<p dir=\"ltr\">Finalmente, el director del plantel escolar, Francisco Javier Vidales, agradeci\u00f3 el entusiasmo que han puesto madres y padres de familia, alumnos, maestras y maestros, as\u00ed como vecinos de la colonia y de colonias aleda\u00f1as, en mejorar las condiciones de esta escuela, en beneficio de un regreso a clases exitoso.<\/p>\n","protected":false},"excerpt":{"rendered":"<p>#informativoelvalledeaguascalientes , #novaradioaguascalientes Como parte del programa Gobernador Contigo, se realizar\u00e1 la rehabilitaci\u00f3n y limpieza de espacios p\u00fablicos en los que la ciudadan\u00eda podr\u00e1 participar. El gobernador visit\u00f3 la primaria Agust\u00edn Melgar en donde observ\u00f3 un gran entusiasmo vecinal para rehabilitar y limpiar este plantel de forma voluntaria. Como parte de las actividades del programa [&hellip;]<\/p>\n","protected":false},"author":1,"featured_media":21497,"comment_status":"closed","ping_status":"open","sticky":false,"template":"","format":"standard","meta":{"advanced_seo_description":"","jetpack_seo_html_title":"","jetpack_seo_noindex":false,"_jetpack_memberships_contains_paid_content":false,"footnotes":"","jetpack_publicize_message":"","jetpack_publicize_feature_enabled":true,"jetpack_social_post_already_shared":true,"jetpack_social_options":{"image_generator_settings":{"template":"highway","default_image_id":0,"font":"","enabled":false},"version":2}},"categories":[21,4],"tags":[22,104],"class_list":["post-21496","post","type-post","status-publish","format-standard","has-post-thumbnail","hentry","category-aguascalientes","category-gobierno-del-estado-aguascalientes","tag-aguascalientes","tag-sedec"],"jetpack_publicize_connections":[],"jetpack_featured_media_url":"https:\/\/i0.wp.com\/informativoelvalledeaguascalientes.online\/wp-content\/uploads\/2021\/07\/WhatsApp-Image-2021-07-20-at-2.15.56-PM-1.jpeg?fit=1280%2C853&ssl=1","jetpack-related-posts":[],"jetpack_sharing_enabled":true,"jetpack_likes_enabled":true,"_links":{"self":[{"href":"https:\/\/informativoelvalledeaguascalientes.online\/index.php?rest_route=\/wp\/v2\/posts\/21496","targetHints":{"allow":["GET"]}}],"collection":[{"href":"https:\/\/informativoelvalledeaguascalientes.online\/index.php?rest_route=\/wp\/v2\/posts"}],"about":[{"href":"https:\/\/informativoelvalledeaguascalientes.online\/index.php?rest_route=\/wp\/v2\/types\/post"}],"author":[{"embeddable":true,"href":"https:\/\/informativoelvalledeaguascalientes.online\/index.php?rest_route=\/wp\/v2\/users\/1"}],"replies":[{"embeddable":true,"href":"https:\/\/informativoelvalledeaguascalientes.online\/index.php?rest_route=%2Fwp%2Fv2%2Fcomments&post=21496"}],"version-history":[{"count":1,"href":"https:\/\/informativoelvalledeaguascalientes.online\/index.php?rest_route=\/wp\/v2\/posts\/21496\/revisions"}],"predecessor-version":[{"id":21498,"href":"https:\/\/informativoelvalledeaguascalientes.online\/index.php?rest_route=\/wp\/v2\/posts\/21496\/revisions\/21498"}],"wp:featuredmedia":[{"embeddable":true,"href":"https:\/\/informativoelvalledeaguascalientes.online\/index.php?rest_route=\/wp\/v2\/media\/21497"}],"wp:attachment":[{"href":"https:\/\/informativoelvalledeaguascalientes.online\/index.php?rest_route=%2Fwp%2Fv2%2Fmedia&parent=21496"}],"wp:term":[{"taxonomy":"category","embeddable":true,"href":"https:\/\/informativoelvalledeaguascalientes.online\/index.php?rest_route=%2Fwp%2Fv2%2Fcategories&post=21496"},{"taxonomy":"post_tag","embeddable":true,"href":"https:\/\/informativoelvalledeaguascalientes.online\/index.php?rest_route=%2Fwp%2Fv2%2Ftags&post=21496"}],"curies":[{"name":"wp","href":"https:\/\/api.w.org\/{rel}","templated":true}]}}