{"id":21490,"date":"2021-07-20T22:13:33","date_gmt":"2021-07-21T04:13:33","guid":{"rendered":"https:\/\/informativoelvalledeaguascalientes.online\/?p=21490"},"modified":"2021-07-20T22:13:33","modified_gmt":"2021-07-21T04:13:33","slug":"gobierno-estatal-y-sector-automotriz-suman-esfuerzos-para-crear-primera-guarderia-escolarizada-a-nivel-nacional","status":"publish","type":"post","link":"https:\/\/informativoelvalledeaguascalientes.online\/?p=21490","title":{"rendered":"GOBIERNO ESTATAL Y SECTOR AUTOMOTRIZ SUMAN ESFUERZOS PARA CREAR PRIMERA GUARDER\u00cdA ESCOLARIZADA A NIVEL NACIONAL"},"content":{"rendered":"<p dir=\"ltr\">#informativoelvalledeaguascalientes , #novaradioaguascalientes<\/p>\n<p>&nbsp;<\/p>\n<ul>\n<li dir=\"ltr\">\n<p dir=\"ltr\" role=\"presentation\">Orozco Sandoval invita a empresas del sector automotriz a replicar este modelo de guarder\u00eda<\/p>\n<\/li>\n<li dir=\"ltr\">\n<p dir=\"ltr\" role=\"presentation\">Se ubicar\u00e1 en Meridiam Park y ser\u00e1 operada por Animatierra, la cual tendr\u00e1 la capacidad de atender alrededor de 230 ni\u00f1as y ni\u00f1os<\/p>\n<\/li>\n<li dir=\"ltr\">\n<p dir=\"ltr\" role=\"presentation\">Esta nueva guarder\u00eda de JATCO cumple con la normativa federal sobre este tipo de estancias infantiles: IMSS<\/p>\n<\/li>\n<\/ul>\n<p>&nbsp;<\/p>\n<p dir=\"ltr\">Aguascalientes contar\u00e1 con la primer guarder\u00eda escolarizada a nivel nacional para la industria automotriz, con lo cual, miles de trabajadores de este sector podr\u00e1n tener la certeza de que cerca de 230 ni\u00f1as y ni\u00f1os estar\u00e1n recibiendo, en estos espacios cercanos a su lugar de trabajo, una educaci\u00f3n formativa y de calidad.<\/p>\n<p>&nbsp;<\/p>\n<p dir=\"ltr\">Durante la presentaci\u00f3n del proyecto de la guarder\u00eda de la empresa JATCO -que ser\u00e1 operada por Animaterra y se ubicar\u00e1 en Meridiam Park- el gobernador Mart\u00edn Orozco Sandoval reconoci\u00f3 la iniciativa de esta empresa por su calidad humana con sus m\u00e1s de 4 mil empleados al abrir este centro que permitir\u00e1 que sus hijas e hijos puedan recibir cuidados de calidad en lo que concluyen su jornada laboral, fortaleciendo as\u00ed la uni\u00f3n familiar.<\/p>\n<p>&nbsp;<\/p>\n<p dir=\"ltr\">Se\u00f1al\u00f3 que su administraci\u00f3n ha volcado sus esfuerzos para mejorar la calidad de vida de las familias, muestra de ello han sido las pol\u00edticas p\u00fablicas para acortar los tiempos de traslado entre los centros de trabajo y hogares, lo cual permitir\u00e1 tener mayor convivencia, pero tambi\u00e9n, un trabajo coordinado entre los distintos \u00f3rdenes de gobierno para ofrecer programas y acciones que apuesten por proteger a la infancia.<\/p>\n<p>&nbsp;<\/p>\n<p dir=\"ltr\">Orozco Sandoval destac\u00f3 la importancia de replicar este modelo de guarder\u00eda escolarizada para otras empresas del ramo automotriz, como lo es Sensata Technologies, en la cual el 70% de su plantilla laboral la conforman mujeres, por lo hizo un llamado a la SEDEC y a la industria a buscar la implementaci\u00f3n de las mismas.<\/p>\n<p>&nbsp;<\/p>\n<p dir=\"ltr\">Por su parte, Tomoaki Inque, presidente de JATCO, indic\u00f3 que para esta empresa la familia de los trabajadores es lo m\u00e1s importante, por lo que atendiendo las necesidades de los mismos y con el apoyo del gobierno estatal se logr\u00f3 cristalizar este proyecto que dar\u00e1 tranquilidad a los trabajadores de esta empresa al poder dejar a sus hijas o hijos en un lugar seguro y c\u00f3modo durante su jornada de trabajo.<\/p>\n<p>&nbsp;<\/p>\n<p dir=\"ltr\">Finalmente, Oscar Arturo Mart\u00ednez Rodr\u00edguez, delegado del IMSS en Aguascalientes, se\u00f1al\u00f3 que esta nueva guarder\u00eda de JATCO cumple con la normativa federal sobre este tipo de estancias infantiles, permitiendo que ni\u00f1as y ni\u00f1os puedan recibir cuidados integrales en pedagog\u00eda y nutrici\u00f3n en un entorno libre de riesgos.<\/p>\n<p>&nbsp;<\/p>\n<p dir=\"ltr\">Cabe mencionar que esta guarder\u00eda contar\u00e1 con una construcci\u00f3n de 1 mil 200 metros cuadrados, conformado por un \u00e1rea de juegos, sanitarios, acceso para padres, sala de juntas, \u00e1rea administrativa, zona p\u00fablica, entre otros.<\/p>\n","protected":false},"excerpt":{"rendered":"<p>#informativoelvalledeaguascalientes , #novaradioaguascalientes &nbsp; Orozco Sandoval invita a empresas del sector automotriz a replicar este modelo de guarder\u00eda Se ubicar\u00e1 en Meridiam Park y ser\u00e1 operada por Animatierra, la cual tendr\u00e1 la capacidad de atender alrededor de 230 ni\u00f1as y ni\u00f1os Esta nueva guarder\u00eda de JATCO cumple con la normativa federal sobre este tipo de [&hellip;]<\/p>\n","protected":false},"author":1,"featured_media":21491,"comment_status":"closed","ping_status":"open","sticky":false,"template":"","format":"standard","meta":{"advanced_seo_description":"","jetpack_seo_html_title":"","jetpack_seo_noindex":false,"_jetpack_memberships_contains_paid_content":false,"footnotes":"","jetpack_publicize_message":"","jetpack_publicize_feature_enabled":true,"jetpack_social_post_already_shared":true,"jetpack_social_options":{"image_generator_settings":{"template":"highway","default_image_id":0,"font":"","enabled":false},"version":2}},"categories":[21,4],"tags":[22,202,104],"class_list":["post-21490","post","type-post","status-publish","format-standard","has-post-thumbnail","hentry","category-aguascalientes","category-gobierno-del-estado-aguascalientes","tag-aguascalientes","tag-imss","tag-sedec"],"jetpack_publicize_connections":[],"jetpack_featured_media_url":"https:\/\/i0.wp.com\/informativoelvalledeaguascalientes.online\/wp-content\/uploads\/2021\/07\/WhatsApp-Image-2021-07-20-at-12.42.10-PM-1.jpeg?fit=584%2C429&ssl=1","jetpack-related-posts":[],"jetpack_sharing_enabled":true,"jetpack_likes_enabled":true,"_links":{"self":[{"href":"https:\/\/informativoelvalledeaguascalientes.online\/index.php?rest_route=\/wp\/v2\/posts\/21490","targetHints":{"allow":["GET"]}}],"collection":[{"href":"https:\/\/informativoelvalledeaguascalientes.online\/index.php?rest_route=\/wp\/v2\/posts"}],"about":[{"href":"https:\/\/informativoelvalledeaguascalientes.online\/index.php?rest_route=\/wp\/v2\/types\/post"}],"author":[{"embeddable":true,"href":"https:\/\/informativoelvalledeaguascalientes.online\/index.php?rest_route=\/wp\/v2\/users\/1"}],"replies":[{"embeddable":true,"href":"https:\/\/informativoelvalledeaguascalientes.online\/index.php?rest_route=%2Fwp%2Fv2%2Fcomments&post=21490"}],"version-history":[{"count":1,"href":"https:\/\/informativoelvalledeaguascalientes.online\/index.php?rest_route=\/wp\/v2\/posts\/21490\/revisions"}],"predecessor-version":[{"id":21492,"href":"https:\/\/informativoelvalledeaguascalientes.online\/index.php?rest_route=\/wp\/v2\/posts\/21490\/revisions\/21492"}],"wp:featuredmedia":[{"embeddable":true,"href":"https:\/\/informativoelvalledeaguascalientes.online\/index.php?rest_route=\/wp\/v2\/media\/21491"}],"wp:attachment":[{"href":"https:\/\/informativoelvalledeaguascalientes.online\/index.php?rest_route=%2Fwp%2Fv2%2Fmedia&parent=21490"}],"wp:term":[{"taxonomy":"category","embeddable":true,"href":"https:\/\/informativoelvalledeaguascalientes.online\/index.php?rest_route=%2Fwp%2Fv2%2Fcategories&post=21490"},{"taxonomy":"post_tag","embeddable":true,"href":"https:\/\/informativoelvalledeaguascalientes.online\/index.php?rest_route=%2Fwp%2Fv2%2Ftags&post=21490"}],"curies":[{"name":"wp","href":"https:\/\/api.w.org\/{rel}","templated":true}]}}