{"id":21458,"date":"2021-07-19T23:54:35","date_gmt":"2021-07-20T05:54:35","guid":{"rendered":"https:\/\/informativoelvalledeaguascalientes.online\/?p=21458"},"modified":"2021-07-19T23:54:35","modified_gmt":"2021-07-20T05:54:35","slug":"diputacion-permanente-dio-entrada-a-terna-de-aspirantes-para-ocupar-el-cargo-de-fiscal-especializado-en-delitos-electorales","status":"publish","type":"post","link":"https:\/\/informativoelvalledeaguascalientes.online\/?p=21458","title":{"rendered":"DIPUTACI\u00d3N PERMANENTE DIO ENTRADA A TERNA DE ASPIRANTES PARA OCUPAR EL CARGO DE FISCAL ESPECIALIZADO EN DELITOS ELECTORALES"},"content":{"rendered":"<p>#informativoelvalledeaguascalientes #novaradioaguascalientes<\/p>\n<p><strong>\u00a0<\/strong><strong>\u00a0<\/strong><\/p>\n<ul>\n<li><em>Se turnar\u00e1 a la Comisi\u00f3n de Justicia del Congreso Local, \u00f3rgano que analizar\u00e1 y entrevistar\u00e1 en breve, a cada uno de los perfiles.<\/em><\/li>\n<\/ul>\n<p><strong>\u00a0<\/strong><\/p>\n<ul>\n<li><em>Las propuestas son: Ma. Elvira Cleto Camarillo, Fernando Adolfo Padilla Garc\u00eda y Daniel Omar Guti\u00e9rrez Ruvalcaba.<\/em><\/li>\n<\/ul>\n<p><em>\u00a0<\/em><\/p>\n<p>En sesi\u00f3n ordinaria, este lunes la mesa directiva de la Diputaci\u00f3n Permanente de la LXIV Legislatura le dio entrada al documento que turn\u00f3 el Fiscal General del Estado de Aguascalientes, Jes\u00fas Figueroa Ortega, mediante el cual propone una terna para el cargo de Fiscal Especializado en Delitos Electorales.<\/p>\n<p>&nbsp;<\/p>\n<p>De esta manera, las propuestas de perfiles para desempe\u00f1ar ese cargo son: Ma. Elvira Cleto Camarillo, Fernando Adolfo Padilla Garc\u00eda y Daniel Omar Guti\u00e9rrez Ruvalcaba.<\/p>\n<p>&nbsp;<\/p>\n<p>En este sentido, el diputado Alejandro Gonz\u00e1lez D\u00e1vila, quien hoy estuvo en funciones de presidente de la Permanente, inform\u00f3 que la terna se turn\u00f3 a la Comisi\u00f3n de Justicia del Congreso Local, \u00f3rgano que en breve entrevistar\u00e1 y analizar\u00e1 a las y los candidatos al puesto, el cual tendr\u00e1 una duraci\u00f3n de seis a\u00f1os.<\/p>\n<p>&nbsp;<\/p>\n<p>Precis\u00f3 que una vez que la Comisi\u00f3n emita el dictamen correspondiente, se enviar\u00e1 a la Junta de Coordinaci\u00f3n Pol\u00edtica para que lo incluya en el inventario de asuntos por desahogar ante el Pleno legislativo, en el pr\u00f3ximo per\u00edodo extraordinario de sesiones.<\/p>\n<p>&nbsp;<\/p>\n<p>Tras el desahogo del punto anterior, Gonz\u00e1lez D\u00e1vila, clausur\u00f3 los trabajos de la presente sesi\u00f3n, al tiempo que cit\u00f3 a sus compa\u00f1eros de mesa directiva al desarrollo de la siguiente sesi\u00f3n ordinaria de la Permanente, previa notificaci\u00f3n de d\u00eda, hora y lugar, que de a conocer la Secretar\u00eda General del Poder Legislativo.<\/p>\n<p>&nbsp;<\/p>\n<p>&nbsp;<\/p>\n","protected":false},"excerpt":{"rendered":"<p>#informativoelvalledeaguascalientes #novaradioaguascalientes \u00a0\u00a0 Se turnar\u00e1 a la Comisi\u00f3n de Justicia del Congreso Local, \u00f3rgano que analizar\u00e1 y entrevistar\u00e1 en breve, a cada uno de los perfiles. \u00a0 Las propuestas son: Ma. Elvira Cleto Camarillo, Fernando Adolfo Padilla Garc\u00eda y Daniel Omar Guti\u00e9rrez Ruvalcaba. \u00a0 En sesi\u00f3n ordinaria, este lunes la mesa directiva de la Diputaci\u00f3n [&hellip;]<\/p>\n","protected":false},"author":1,"featured_media":21459,"comment_status":"closed","ping_status":"open","sticky":false,"template":"","format":"standard","meta":{"advanced_seo_description":"","jetpack_seo_html_title":"","jetpack_seo_noindex":false,"_jetpack_memberships_contains_paid_content":false,"footnotes":"","jetpack_publicize_message":"","jetpack_publicize_feature_enabled":true,"jetpack_social_post_already_shared":true,"jetpack_social_options":{"image_generator_settings":{"template":"highway","default_image_id":0,"font":"","enabled":false},"version":2}},"categories":[21,5],"tags":[22,44],"class_list":["post-21458","post","type-post","status-publish","format-standard","has-post-thumbnail","hentry","category-aguascalientes","category-h-congreso-del-estado-aguascalientes","tag-aguascalientes","tag-lxiv-legislatura-aguascalientes"],"jetpack_publicize_connections":[],"jetpack_featured_media_url":"https:\/\/i0.wp.com\/informativoelvalledeaguascalientes.online\/wp-content\/uploads\/2021\/07\/hce_ags_19072021.jpg?fit=1027%2C568&ssl=1","jetpack-related-posts":[],"jetpack_sharing_enabled":true,"jetpack_likes_enabled":true,"_links":{"self":[{"href":"https:\/\/informativoelvalledeaguascalientes.online\/index.php?rest_route=\/wp\/v2\/posts\/21458","targetHints":{"allow":["GET"]}}],"collection":[{"href":"https:\/\/informativoelvalledeaguascalientes.online\/index.php?rest_route=\/wp\/v2\/posts"}],"about":[{"href":"https:\/\/informativoelvalledeaguascalientes.online\/index.php?rest_route=\/wp\/v2\/types\/post"}],"author":[{"embeddable":true,"href":"https:\/\/informativoelvalledeaguascalientes.online\/index.php?rest_route=\/wp\/v2\/users\/1"}],"replies":[{"embeddable":true,"href":"https:\/\/informativoelvalledeaguascalientes.online\/index.php?rest_route=%2Fwp%2Fv2%2Fcomments&post=21458"}],"version-history":[{"count":1,"href":"https:\/\/informativoelvalledeaguascalientes.online\/index.php?rest_route=\/wp\/v2\/posts\/21458\/revisions"}],"predecessor-version":[{"id":21460,"href":"https:\/\/informativoelvalledeaguascalientes.online\/index.php?rest_route=\/wp\/v2\/posts\/21458\/revisions\/21460"}],"wp:featuredmedia":[{"embeddable":true,"href":"https:\/\/informativoelvalledeaguascalientes.online\/index.php?rest_route=\/wp\/v2\/media\/21459"}],"wp:attachment":[{"href":"https:\/\/informativoelvalledeaguascalientes.online\/index.php?rest_route=%2Fwp%2Fv2%2Fmedia&parent=21458"}],"wp:term":[{"taxonomy":"category","embeddable":true,"href":"https:\/\/informativoelvalledeaguascalientes.online\/index.php?rest_route=%2Fwp%2Fv2%2Fcategories&post=21458"},{"taxonomy":"post_tag","embeddable":true,"href":"https:\/\/informativoelvalledeaguascalientes.online\/index.php?rest_route=%2Fwp%2Fv2%2Ftags&post=21458"}],"curies":[{"name":"wp","href":"https:\/\/api.w.org\/{rel}","templated":true}]}}