{"id":21420,"date":"2021-07-19T17:42:05","date_gmt":"2021-07-19T23:42:05","guid":{"rendered":"https:\/\/informativoelvalledeaguascalientes.online\/?p=21420"},"modified":"2021-07-19T17:42:05","modified_gmt":"2021-07-19T23:42:05","slug":"dif-municipal-ags-prepara-a-ninas-y-ninos-para-la-educacion-primaria","status":"publish","type":"post","link":"https:\/\/informativoelvalledeaguascalientes.online\/?p=21420","title":{"rendered":"DIF MUNICIPAL AGS. PREPARA A NI\u00d1AS Y NI\u00d1OS PARA LA EDUCACI\u00d3N PRIMARIA"},"content":{"rendered":"<p>#informativoelvalledeaguascalientes #novaradioaguascalientes<\/p>\n<div class=\"opinion-section opinion-single-cover opinion-indent opinion-overlay\">\n<div class=\"container\">\n<div class=\"section-head row justify-content-center text-center\">\n<div class=\"col-12 col-md-8\">\n<div class=\"section-meta\"><\/div>\n<\/div>\n<\/div>\n<\/div>\n<\/div>\n<div class=\"opinion-section\">\n<div class=\"container\">\n<div class=\"section-content row justify-content-center\">\n<div class=\"col-12 col-lg-8 opinion-order-1\">\n<article class=\"opinion-post opinion-single post-32200 post type-post status-publish format-standard has-post-thumbnail hentry category-educacion tag-dif-municipal tag-educacion-preescolar\">\n<div class=\"entry-content\">\n<p>Como parte del esquema educativo que lleva a cabo el DIF Municipal de Aguascalientes, a trav\u00e9s de los Centros de Desarrollo Infantil (CENDI) se brinda atenci\u00f3n y formaci\u00f3n de ni\u00f1as y ni\u00f1os desde el nivel maternal, as\u00ed como en preescolar I, II y III, en donde se imparten conocimientos para reforzar sus habilidades y creatividad, prepar\u00e1ndolos de manera integral para ingresar a la educaci\u00f3n primaria.<\/p>\n<p>Finaliz\u00f3 el ciclo escolar 2020-2021 en el CENDI \u201cTeresa de Calcuta\u201d y la Estancia Integradora \u201cPadre To\u00f1o\u201d, en donde se adapt\u00f3 el esquema educativo para cuidar de la salud de los alumnos, reforzando las medidas sanitarias.<\/p>\n<p>Se prev\u00e9 que el ciclo escolar inicie el pr\u00f3ximo 30 de agosto.\u00a0 Para solicitar informes sobre estos servicios\u00a0 est\u00e1n a disposici\u00f3n de la ciudadan\u00eda los n\u00fameros telef\u00f3nicos del\u00a0 CENDI Teresa de Calcuta\u00a0 449 978 25 18 y de la Estancia Integradora Padre To\u00f1o 449 386 07 36.<\/p>\n<\/div>\n<\/article>\n<\/div>\n<\/div>\n<\/div>\n<\/div>\n","protected":false},"excerpt":{"rendered":"<p>#informativoelvalledeaguascalientes #novaradioaguascalientes Como parte del esquema educativo que lleva a cabo el DIF Municipal de Aguascalientes, a trav\u00e9s de los Centros de Desarrollo Infantil (CENDI) se brinda atenci\u00f3n y formaci\u00f3n de ni\u00f1as y ni\u00f1os desde el nivel maternal, as\u00ed como en preescolar I, II y III, en donde se imparten conocimientos para reforzar sus habilidades [&hellip;]<\/p>\n","protected":false},"author":1,"featured_media":21421,"comment_status":"closed","ping_status":"open","sticky":false,"template":"","format":"standard","meta":{"advanced_seo_description":"","jetpack_seo_html_title":"","jetpack_seo_noindex":false,"_jetpack_memberships_contains_paid_content":false,"footnotes":"","jetpack_publicize_message":"","jetpack_publicize_feature_enabled":true,"jetpack_social_post_already_shared":true,"jetpack_social_options":{"image_generator_settings":{"template":"highway","default_image_id":0,"font":"","enabled":false},"version":2}},"categories":[21,3],"tags":[22,72],"class_list":["post-21420","post","type-post","status-publish","format-standard","has-post-thumbnail","hentry","category-aguascalientes","category-municipio-aguascalientes","tag-aguascalientes","tag-mpio-aguascalientes-dif"],"jetpack_publicize_connections":[],"jetpack_featured_media_url":"https:\/\/i0.wp.com\/informativoelvalledeaguascalientes.online\/wp-content\/uploads\/2021\/07\/mpio_ags_dif_17072021.jpg?fit=2560%2C1572&ssl=1","jetpack-related-posts":[],"jetpack_sharing_enabled":true,"jetpack_likes_enabled":true,"_links":{"self":[{"href":"https:\/\/informativoelvalledeaguascalientes.online\/index.php?rest_route=\/wp\/v2\/posts\/21420","targetHints":{"allow":["GET"]}}],"collection":[{"href":"https:\/\/informativoelvalledeaguascalientes.online\/index.php?rest_route=\/wp\/v2\/posts"}],"about":[{"href":"https:\/\/informativoelvalledeaguascalientes.online\/index.php?rest_route=\/wp\/v2\/types\/post"}],"author":[{"embeddable":true,"href":"https:\/\/informativoelvalledeaguascalientes.online\/index.php?rest_route=\/wp\/v2\/users\/1"}],"replies":[{"embeddable":true,"href":"https:\/\/informativoelvalledeaguascalientes.online\/index.php?rest_route=%2Fwp%2Fv2%2Fcomments&post=21420"}],"version-history":[{"count":1,"href":"https:\/\/informativoelvalledeaguascalientes.online\/index.php?rest_route=\/wp\/v2\/posts\/21420\/revisions"}],"predecessor-version":[{"id":21422,"href":"https:\/\/informativoelvalledeaguascalientes.online\/index.php?rest_route=\/wp\/v2\/posts\/21420\/revisions\/21422"}],"wp:featuredmedia":[{"embeddable":true,"href":"https:\/\/informativoelvalledeaguascalientes.online\/index.php?rest_route=\/wp\/v2\/media\/21421"}],"wp:attachment":[{"href":"https:\/\/informativoelvalledeaguascalientes.online\/index.php?rest_route=%2Fwp%2Fv2%2Fmedia&parent=21420"}],"wp:term":[{"taxonomy":"category","embeddable":true,"href":"https:\/\/informativoelvalledeaguascalientes.online\/index.php?rest_route=%2Fwp%2Fv2%2Fcategories&post=21420"},{"taxonomy":"post_tag","embeddable":true,"href":"https:\/\/informativoelvalledeaguascalientes.online\/index.php?rest_route=%2Fwp%2Fv2%2Ftags&post=21420"}],"curies":[{"name":"wp","href":"https:\/\/api.w.org\/{rel}","templated":true}]}}