{"id":21414,"date":"2021-07-16T18:34:26","date_gmt":"2021-07-17T00:34:26","guid":{"rendered":"https:\/\/informativoelvalledeaguascalientes.online\/?p=21414"},"modified":"2021-07-16T18:34:26","modified_gmt":"2021-07-17T00:34:26","slug":"comision-de-medio-ambiente-del-congreso-local-entrevisto-a-aspirantes-a-ocupar-la-proespa","status":"publish","type":"post","link":"https:\/\/informativoelvalledeaguascalientes.online\/?p=21414","title":{"rendered":"COMISI\u00d3N DE MEDIO AMBIENTE DEL CONGRESO LOCAL ENTREVIST\u00d3 A ASPIRANTES A OCUPAR LA PROESPA"},"content":{"rendered":"<p>#informativoelvalledeaguascalientes , #novaradioaguascalientes<\/p>\n<p>Durante sesi\u00f3n ordinaria de este viernes en el sal\u00f3n Aquiles Elorduy Garc\u00eda, la Comisi\u00f3n de Medio Ambiente, Recursos Naturales y Cambio Clim\u00e1tico de la LXIV Legislatura, que encabeza el diputado Sergio Augusto L\u00f3pez Ram\u00edrez, entrevist\u00f3 a las personas propuestas por el Ejecutivo Estatal para desempe\u00f1ar el cargo de Procurador Estatal de Protecci\u00f3n al\u00a0 Ambiente.<\/p>\n<p>&nbsp;<\/p>\n<p>En este orden, H\u00e9ctor Anaya P\u00e9rez, Rebeca Castillo Delgadillo y Martha Mart\u00ednez Mac\u00edas, expusieron en un lapso de 10 minutos su experiencia, trayectoria y \u00a0su propuesta de plan de trabajo que implementar\u00e1n en caso de ser elegidos por el pleno legislativo.<\/p>\n<p>&nbsp;<\/p>\n<p>Posterior a las entrevistas, integrantes de la Comisi\u00f3n acordaron analizar a profundizar los perfiles de las y los candidatos, y de esta manera estar en posibilidades de elaborar el dictamen que en su momento se turnar\u00e1 a la Junta de Coordinaci\u00f3n Pol\u00edtica para que lo considere en los asuntos que deber\u00e1n ser abordados cuando se convoque un periodo extraordinario de sesiones.<\/p>\n<p>&nbsp;<\/p>\n<p>A esta sesi\u00f3n, acudieron tambi\u00e9n los legisladores Alejandro Serrano Almanza, Elsa Amabel Land\u00edn Olivares y Alejandro Gonz\u00e1lez D\u00e1vila.<\/p>\n","protected":false},"excerpt":{"rendered":"<p>#informativoelvalledeaguascalientes , #novaradioaguascalientes Durante sesi\u00f3n ordinaria de este viernes en el sal\u00f3n Aquiles Elorduy Garc\u00eda, la Comisi\u00f3n de Medio Ambiente, Recursos Naturales y Cambio Clim\u00e1tico de la LXIV Legislatura, que encabeza el diputado Sergio Augusto L\u00f3pez Ram\u00edrez, entrevist\u00f3 a las personas propuestas por el Ejecutivo Estatal para desempe\u00f1ar el cargo de Procurador Estatal de Protecci\u00f3n [&hellip;]<\/p>\n","protected":false},"author":1,"featured_media":21415,"comment_status":"closed","ping_status":"open","sticky":false,"template":"","format":"standard","meta":{"advanced_seo_description":"","jetpack_seo_html_title":"","jetpack_seo_noindex":false,"_jetpack_memberships_contains_paid_content":false,"footnotes":"","jetpack_publicize_message":"","jetpack_publicize_feature_enabled":true,"jetpack_social_post_already_shared":true,"jetpack_social_options":{"image_generator_settings":{"template":"highway","default_image_id":0,"font":"","enabled":false},"version":2}},"categories":[21,5],"tags":[22,44],"class_list":["post-21414","post","type-post","status-publish","format-standard","has-post-thumbnail","hentry","category-aguascalientes","category-h-congreso-del-estado-aguascalientes","tag-aguascalientes","tag-lxiv-legislatura-aguascalientes"],"jetpack_publicize_connections":[],"jetpack_featured_media_url":"https:\/\/i0.wp.com\/informativoelvalledeaguascalientes.online\/wp-content\/uploads\/2021\/07\/WhatsApp-Image-2021-07-16-at-7.24.58-PM.jpeg?fit=750%2C485&ssl=1","jetpack-related-posts":[],"jetpack_sharing_enabled":true,"jetpack_likes_enabled":true,"_links":{"self":[{"href":"https:\/\/informativoelvalledeaguascalientes.online\/index.php?rest_route=\/wp\/v2\/posts\/21414","targetHints":{"allow":["GET"]}}],"collection":[{"href":"https:\/\/informativoelvalledeaguascalientes.online\/index.php?rest_route=\/wp\/v2\/posts"}],"about":[{"href":"https:\/\/informativoelvalledeaguascalientes.online\/index.php?rest_route=\/wp\/v2\/types\/post"}],"author":[{"embeddable":true,"href":"https:\/\/informativoelvalledeaguascalientes.online\/index.php?rest_route=\/wp\/v2\/users\/1"}],"replies":[{"embeddable":true,"href":"https:\/\/informativoelvalledeaguascalientes.online\/index.php?rest_route=%2Fwp%2Fv2%2Fcomments&post=21414"}],"version-history":[{"count":1,"href":"https:\/\/informativoelvalledeaguascalientes.online\/index.php?rest_route=\/wp\/v2\/posts\/21414\/revisions"}],"predecessor-version":[{"id":21416,"href":"https:\/\/informativoelvalledeaguascalientes.online\/index.php?rest_route=\/wp\/v2\/posts\/21414\/revisions\/21416"}],"wp:featuredmedia":[{"embeddable":true,"href":"https:\/\/informativoelvalledeaguascalientes.online\/index.php?rest_route=\/wp\/v2\/media\/21415"}],"wp:attachment":[{"href":"https:\/\/informativoelvalledeaguascalientes.online\/index.php?rest_route=%2Fwp%2Fv2%2Fmedia&parent=21414"}],"wp:term":[{"taxonomy":"category","embeddable":true,"href":"https:\/\/informativoelvalledeaguascalientes.online\/index.php?rest_route=%2Fwp%2Fv2%2Fcategories&post=21414"},{"taxonomy":"post_tag","embeddable":true,"href":"https:\/\/informativoelvalledeaguascalientes.online\/index.php?rest_route=%2Fwp%2Fv2%2Ftags&post=21414"}],"curies":[{"name":"wp","href":"https:\/\/api.w.org\/{rel}","templated":true}]}}