{"id":21311,"date":"2021-07-13T18:53:46","date_gmt":"2021-07-14T00:53:46","guid":{"rendered":"https:\/\/informativoelvalledeaguascalientes.online\/?p=21311"},"modified":"2021-07-13T18:53:46","modified_gmt":"2021-07-14T00:53:46","slug":"la-educacion-es-fundamental-para-el-desarrollo-de-nuestro-pais-tono-martin-del-campo","status":"publish","type":"post","link":"https:\/\/informativoelvalledeaguascalientes.online\/?p=21311","title":{"rendered":"LA EDUCACI\u00d3N ES FUNDAMENTAL PARA EL DESARROLLO DE NUESTRO PA\u00cdS: TO\u00d1O MART\u00cdN DEL CAMPO"},"content":{"rendered":"<p><strong>#informativoelvalledeaguascalientes , #novaradioaguascalientes<\/strong><\/p>\n<ul>\n<li style=\"font-weight: 400;\" aria-level=\"1\"><b>As\u00ed trascendi\u00f3 en el segundo foro ciudadano denominado \u201cRa\u00edces Fuertes: Educaci\u00f3n\u201d\u00a0<\/b><\/li>\n<li style=\"font-weight: 400;\" aria-level=\"1\"><b>Se cont\u00f3 con la participaci\u00f3n como ponentes de Otto Granados Rold\u00e1n y Juan Carlos Romero Hicks quienes compartieron parte de su visi\u00f3n y experiencia en la materia<\/b><\/li>\n<li style=\"font-weight: 400;\" aria-level=\"1\"><b>Gracias a nuestro sistema educativo, Aguascalientes se encuentra posicionado a nivel nacional como uno de los mejores estados en este rubro<\/b><\/li>\n<\/ul>\n<p><span style=\"font-weight: 400;\">La educaci\u00f3n es sin duda una de las prioridades para las autoridades de nuestro pa\u00eds ya que de ella depende en gran medida su progreso, por ello la importancia de darle un adecuado impulso; as\u00ed lo dio a conocer el Senador por Aguascalientes, To\u00f1o Mart\u00edn del Campo durante el desarrollo de la conferencia \u201cRa\u00edces fuertes: Educaci\u00f3n\u201d como parte de los foros ciudadanos \u201cEl Futuro lo hacemos hoy\u201d.<\/span><\/p>\n<p><span style=\"font-weight: 400;\">Detall\u00f3 que nuestra sociedad se enfrenta a un gran n\u00famero de retos y problemas, por lo que los gobiernos de todos niveles deben involucrarse para generar las oportunidades bajo los esquemas globales de la vida para brindar una formaci\u00f3n de calidad y con ello forjar el nivel y calidad de vida que como mexicanos siempre hemos anhelado para nuestras familias.<\/span><\/p>\n<p><span style=\"font-weight: 400;\">El legislador federal reconoci\u00f3 que desafortunadamente la educaci\u00f3n representa uno de los ejes m\u00e1s afectados por la pandemia de COVID 19 luego de la salud y la econom\u00eda,\u00a0 prueba de ello es que a m\u00e1s de un a\u00f1o de su inicio no nos ha sido posible retornar a la normalidad; sin embargo, esto tambi\u00e9n ha permitido a las autoridades explorar nuevas formas de impartir la instrucci\u00f3n acad\u00e9mica sin necesidad de acudir a las aulas pero ahora la interrogante es si para el pr\u00f3ximo ciclo escolar se debe o no regresar de forma presencial o trabajar en la b\u00fasqueda de nuevos modelos educativos mixtos.\u00a0<\/span><\/p>\n<p><i><span style=\"font-weight: 400;\">\u00a0\u201cHoy m\u00e1s que nunca tenemos que apostarle a la educaci\u00f3n, reafirmar nuestro presente y forjar un mejor futuro y oportunidades para todos a trav\u00e9s de un sistema educativo eficaz, de calidad, eficiente, transparente, tecnificado, multicultural y alcanzable\u201d.<\/span><\/i><\/p>\n<p><span style=\"font-weight: 400;\">En lo que refiere a Aguascalientes, Mart\u00edn del Campo manifest\u00f3 que nuestro estado cuenta con un \u00f3ptimo sistema educativo e incluso est\u00e1 posicionado como uno de los mejores a nivel nacional esto debido a que contamos con m\u00e1s de 300\u00a0 mil alumnos de educaci\u00f3n b\u00e1sica, m\u00e1s de 58\u00a0 mil de ense\u00f1anza media, 60\u00a0 mil j\u00f3venes que cursan alguna licenciatura o postgrado, m\u00e1s de mil 800 escuelas de educaci\u00f3n b\u00e1sica, 311 planteles de educaci\u00f3n media superior y 54 instituciones de educaci\u00f3n superior, adem\u00e1s de contar con m\u00e1s de mil docentes en el sistema b\u00e1sico, 3 mil en media superior y 6 mil en superior y se cuenta con un presupuesto superior a los 7\u00a0 mil 600 millones de pesos que en su momento ser\u00e1 debidamente analizado para comprobar si es o no suficiente.<\/span><\/p>\n<p><i><span style=\"font-weight: 400;\">\u00a0\u201cPersonalmente estoy convencido que debemos de trabajar en fortalecer la relaci\u00f3n entre educaci\u00f3n y ense\u00f1anza, debemos de educar e instruir a nuestros j\u00f3venes a partir de conocimientos, normas, valores y habilidades\u201d.<\/span><\/i><\/p>\n<p><span style=\"font-weight: 400;\">En su oportunidad y con el prop\u00f3sito de profundizar a\u00fan m\u00e1s sobre el particular, el maestro Otto Granados Rold\u00e1n, ex Secretario de Educaci\u00f3n P\u00fablica y ex Gobernador de Aguascalientes, entre otros encargos a nivel nacional e internacional afirm\u00f3 que en la actualidad existen varios retos a los que se debe hacer frente en materia educativa, el primero de ellos consiste en transitar de un sistema educativo a un ecosistema de docencia, ense\u00f1anza, investigaci\u00f3n, desarrollo de talento y conocimiento; asimismo, es indispensable ser m\u00e1s selectivos y competitivos en la atracci\u00f3n de material humano de alta calidad; por otra parte, ser\u00e1 necesario desplegar pol\u00edticas p\u00fablicas e industriales de procesos m\u00e1s eficientes para la capacitaci\u00f3n y finalmente, dar impulso una promoci\u00f3n m\u00e1s intensa de programas cortos y as\u00ed poder alcanzar los est\u00e1ndares de algunos de los pa\u00edses europeos con mejores pr\u00e1cticas en lo que a educaci\u00f3n se refiere.<\/span><\/p>\n<p><span style=\"font-weight: 400;\">Por su parte, y en conferencia virtual, el maestro Juan Carlos Romero Hicks, actual Diputado Federal electo y Coordinador de la bancada panista en la c\u00e1mara de Diputados, ex rector de la Universidad de Guanajuato y ex Rector del CONACYT, luego de un an\u00e1lisis del panorama de la educaci\u00f3n en M\u00e9xico y de las afectaciones sufridas a causa de la pandemia por COVID-19, lleg\u00f3 a la conclusi\u00f3n de que las escuelas deben ser reabiertas con prudencia bajo un protocolo exigente donde se equilibren la salud y el aprendizaje, evitando en todo momento la deserci\u00f3n de los estudiantes, brindando oportunidades a los sectores en mayor desventaja.<\/span><\/p>\n<p><i><span style=\"font-weight: 400;\">\u201cLa educaci\u00f3n es el arma m\u00e1s poderosa que puede usarse para cambiar el mundo, la educaci\u00f3n existe durante y para toda la vida. Tenemos que abrirnos a nuevos modelos y conductas para poder entender que la educaci\u00f3n es un camino de verdad, libertad, esperanza\u201d.\u00a0<\/span><\/i><\/p>\n<p><span style=\"font-weight: 400;\">El Senador To\u00f1o Mart\u00edn del Campo, agradeci\u00f3 a estos dos grandes ponentes por aportar parte de su experiencia y conocimientos durante el desarrollo de este foro; asimismo, reconoci\u00f3 la participaci\u00f3n de los asistentes a las mesas de trabajo donde se habr\u00e1 de formular el documento que posteriormente ser\u00e1 convertido en leyes en bien de las y los mexicanos y realiz\u00f3 una invitaci\u00f3n a la ciudadan\u00eda en general a participar el pr\u00f3ximo 27 de julio en el tercer foro denominado \u201cDestino Aguascalientes: Econom\u00eda\u201d.\u00a0<\/span><\/p>\n","protected":false},"excerpt":{"rendered":"<p>#informativoelvalledeaguascalientes , #novaradioaguascalientes As\u00ed trascendi\u00f3 en el segundo foro ciudadano denominado \u201cRa\u00edces Fuertes: Educaci\u00f3n\u201d\u00a0 Se cont\u00f3 con la participaci\u00f3n como ponentes de Otto Granados Rold\u00e1n y Juan Carlos Romero Hicks quienes compartieron parte de su visi\u00f3n y experiencia en la materia Gracias a nuestro sistema educativo, Aguascalientes se encuentra posicionado a nivel nacional como uno [&hellip;]<\/p>\n","protected":false},"author":1,"featured_media":21312,"comment_status":"closed","ping_status":"open","sticky":false,"template":"","format":"standard","meta":{"advanced_seo_description":"","jetpack_seo_html_title":"","jetpack_seo_noindex":false,"_jetpack_memberships_contains_paid_content":false,"footnotes":"","jetpack_publicize_message":"","jetpack_publicize_feature_enabled":true,"jetpack_social_post_already_shared":true,"jetpack_social_options":{"image_generator_settings":{"template":"highway","default_image_id":0,"font":"","enabled":false},"version":2}},"categories":[21,7],"tags":[22,23,49],"class_list":["post-21311","post","type-post","status-publish","format-standard","has-post-thumbnail","hentry","category-aguascalientes","category-pan-aguascalientes","tag-aguascalientes","tag-pan-aguascalientes","tag-tono-martin-del-campo"],"jetpack_publicize_connections":[],"jetpack_featured_media_url":"https:\/\/i0.wp.com\/informativoelvalledeaguascalientes.online\/wp-content\/uploads\/2021\/07\/Tono-Martin-del-Campo-2-1.jpeg?fit=1024%2C556&ssl=1","jetpack-related-posts":[],"jetpack_sharing_enabled":true,"jetpack_likes_enabled":true,"_links":{"self":[{"href":"https:\/\/informativoelvalledeaguascalientes.online\/index.php?rest_route=\/wp\/v2\/posts\/21311","targetHints":{"allow":["GET"]}}],"collection":[{"href":"https:\/\/informativoelvalledeaguascalientes.online\/index.php?rest_route=\/wp\/v2\/posts"}],"about":[{"href":"https:\/\/informativoelvalledeaguascalientes.online\/index.php?rest_route=\/wp\/v2\/types\/post"}],"author":[{"embeddable":true,"href":"https:\/\/informativoelvalledeaguascalientes.online\/index.php?rest_route=\/wp\/v2\/users\/1"}],"replies":[{"embeddable":true,"href":"https:\/\/informativoelvalledeaguascalientes.online\/index.php?rest_route=%2Fwp%2Fv2%2Fcomments&post=21311"}],"version-history":[{"count":1,"href":"https:\/\/informativoelvalledeaguascalientes.online\/index.php?rest_route=\/wp\/v2\/posts\/21311\/revisions"}],"predecessor-version":[{"id":21313,"href":"https:\/\/informativoelvalledeaguascalientes.online\/index.php?rest_route=\/wp\/v2\/posts\/21311\/revisions\/21313"}],"wp:featuredmedia":[{"embeddable":true,"href":"https:\/\/informativoelvalledeaguascalientes.online\/index.php?rest_route=\/wp\/v2\/media\/21312"}],"wp:attachment":[{"href":"https:\/\/informativoelvalledeaguascalientes.online\/index.php?rest_route=%2Fwp%2Fv2%2Fmedia&parent=21311"}],"wp:term":[{"taxonomy":"category","embeddable":true,"href":"https:\/\/informativoelvalledeaguascalientes.online\/index.php?rest_route=%2Fwp%2Fv2%2Fcategories&post=21311"},{"taxonomy":"post_tag","embeddable":true,"href":"https:\/\/informativoelvalledeaguascalientes.online\/index.php?rest_route=%2Fwp%2Fv2%2Ftags&post=21311"}],"curies":[{"name":"wp","href":"https:\/\/api.w.org\/{rel}","templated":true}]}}