{"id":20928,"date":"2021-06-29T18:51:25","date_gmt":"2021-06-30T00:51:25","guid":{"rendered":"https:\/\/informativoelvalledeaguascalientes.online\/?p=20928"},"modified":"2021-06-29T18:51:25","modified_gmt":"2021-06-30T00:51:25","slug":"reporte-tecnico-covid-19-en-aguascalientes-88","status":"publish","type":"post","link":"https:\/\/informativoelvalledeaguascalientes.online\/?p=20928","title":{"rendered":"REPORTE T\u00c9CNICO COVID-19 EN AGUASCALIENTES"},"content":{"rendered":"<p dir=\"ltr\"><strong>#informativoelvalledeaguascalientes , #novaradioaguascalientes <\/strong><\/p>\n<p dir=\"ltr\"><img data-recalc-dims=\"1\" loading=\"lazy\" decoding=\"async\" class=\"alignnone wp-image-20933 size-full\" src=\"https:\/\/i0.wp.com\/informativoelvalledeaguascalientes.online\/wp-content\/uploads\/2021\/06\/WhatsApp-Image-2021-06-29-at-1.36.24-PM.jpeg?resize=640%2C320\" alt=\"\" width=\"640\" height=\"320\" srcset=\"https:\/\/i0.wp.com\/informativoelvalledeaguascalientes.online\/wp-content\/uploads\/2021\/06\/WhatsApp-Image-2021-06-29-at-1.36.24-PM.jpeg?w=1280&amp;ssl=1 1280w, https:\/\/i0.wp.com\/informativoelvalledeaguascalientes.online\/wp-content\/uploads\/2021\/06\/WhatsApp-Image-2021-06-29-at-1.36.24-PM.jpeg?resize=300%2C150&amp;ssl=1 300w, https:\/\/i0.wp.com\/informativoelvalledeaguascalientes.online\/wp-content\/uploads\/2021\/06\/WhatsApp-Image-2021-06-29-at-1.36.24-PM.jpeg?resize=1024%2C512&amp;ssl=1 1024w, https:\/\/i0.wp.com\/informativoelvalledeaguascalientes.online\/wp-content\/uploads\/2021\/06\/WhatsApp-Image-2021-06-29-at-1.36.24-PM.jpeg?resize=768%2C384&amp;ssl=1 768w\" sizes=\"auto, (max-width: 640px) 100vw, 640px\" \/><\/p>\n<p dir=\"ltr\">Se anunci\u00f3 por parte del Instituto de Servicios de Salud de Aguascalientes (ISSEA) que en las \u00faltimas 24 horas no hubo fallecimientos a causa de COVID-19 en la entidad.<\/p>\n<p dir=\"ltr\">\n<p dir=\"ltr\">De la misma manera se dio a conocer que son siete los nuevos casos positivos a coronavirus en Aguascalientes, sumando desde el inicio de la pandemia un total de 23 mil 062 contagios.<\/p>\n<p dir=\"ltr\">\n<p dir=\"ltr\">Se encuentran recibiendo atenci\u00f3n hospitalaria 26 personas y se analizan las pruebas de 49 personas sospechosas de portar el virus.<\/p>\n<p dir=\"ltr\">\n<p dir=\"ltr\">Por otro lado, se inform\u00f3 el despliegue de la estrategia de vacunaci\u00f3n para personas de entre 30 y 39 a\u00f1os en los municipios del interior; el mi\u00e9rcoles 30 de junio recibir\u00e1n su primera dosis en Calvillo, Pabell\u00f3n de Arteaga y Asientos. Estas vacunas tambi\u00e9n se aplicar\u00e1n a mujeres embarazadas mayores de 18 a\u00f1os, con al menos 9 semanas de gestaci\u00f3n.<\/p>\n<p dir=\"ltr\">\n<p dir=\"ltr\">Respecto a la actualizaci\u00f3n de la informaci\u00f3n sobre el avance de la vacunaci\u00f3n en el estado, se registran 571 mil 049 dosis aplicadas a la poblaci\u00f3n aguascalentense. La aplicaci\u00f3n de primeras dosis para personas de entre 40 y 49 a\u00f1os ha inoculado parcialmente a 108 mil 543 personas.<\/p>\n<p dir=\"ltr\">\n","protected":false},"excerpt":{"rendered":"<p>#informativoelvalledeaguascalientes , #novaradioaguascalientes Se anunci\u00f3 por parte del Instituto de Servicios de Salud de Aguascalientes (ISSEA) que en las \u00faltimas 24 horas no hubo fallecimientos a causa de COVID-19 en la entidad. De la misma manera se dio a conocer que son siete los nuevos casos positivos a coronavirus en Aguascalientes, sumando desde el inicio [&hellip;]<\/p>\n","protected":false},"author":1,"featured_media":20932,"comment_status":"closed","ping_status":"open","sticky":false,"template":"","format":"standard","meta":{"advanced_seo_description":"","jetpack_seo_html_title":"","jetpack_seo_noindex":false,"_jetpack_memberships_contains_paid_content":false,"footnotes":"","jetpack_publicize_message":"","jetpack_publicize_feature_enabled":true,"jetpack_social_post_already_shared":true,"jetpack_social_options":{"image_generator_settings":{"template":"highway","default_image_id":0,"font":"","enabled":false},"version":2}},"categories":[21,4],"tags":[22,30],"class_list":["post-20928","post","type-post","status-publish","format-standard","has-post-thumbnail","hentry","category-aguascalientes","category-gobierno-del-estado-aguascalientes","tag-aguascalientes","tag-issea"],"jetpack_publicize_connections":[],"jetpack_featured_media_url":"https:\/\/i0.wp.com\/informativoelvalledeaguascalientes.online\/wp-content\/uploads\/2021\/06\/WhatsApp-Image-2021-06-29-at-1.32.27-PM.jpeg?fit=1280%2C717&ssl=1","jetpack-related-posts":[],"jetpack_sharing_enabled":true,"jetpack_likes_enabled":true,"_links":{"self":[{"href":"https:\/\/informativoelvalledeaguascalientes.online\/index.php?rest_route=\/wp\/v2\/posts\/20928","targetHints":{"allow":["GET"]}}],"collection":[{"href":"https:\/\/informativoelvalledeaguascalientes.online\/index.php?rest_route=\/wp\/v2\/posts"}],"about":[{"href":"https:\/\/informativoelvalledeaguascalientes.online\/index.php?rest_route=\/wp\/v2\/types\/post"}],"author":[{"embeddable":true,"href":"https:\/\/informativoelvalledeaguascalientes.online\/index.php?rest_route=\/wp\/v2\/users\/1"}],"replies":[{"embeddable":true,"href":"https:\/\/informativoelvalledeaguascalientes.online\/index.php?rest_route=%2Fwp%2Fv2%2Fcomments&post=20928"}],"version-history":[{"count":1,"href":"https:\/\/informativoelvalledeaguascalientes.online\/index.php?rest_route=\/wp\/v2\/posts\/20928\/revisions"}],"predecessor-version":[{"id":20934,"href":"https:\/\/informativoelvalledeaguascalientes.online\/index.php?rest_route=\/wp\/v2\/posts\/20928\/revisions\/20934"}],"wp:featuredmedia":[{"embeddable":true,"href":"https:\/\/informativoelvalledeaguascalientes.online\/index.php?rest_route=\/wp\/v2\/media\/20932"}],"wp:attachment":[{"href":"https:\/\/informativoelvalledeaguascalientes.online\/index.php?rest_route=%2Fwp%2Fv2%2Fmedia&parent=20928"}],"wp:term":[{"taxonomy":"category","embeddable":true,"href":"https:\/\/informativoelvalledeaguascalientes.online\/index.php?rest_route=%2Fwp%2Fv2%2Fcategories&post=20928"},{"taxonomy":"post_tag","embeddable":true,"href":"https:\/\/informativoelvalledeaguascalientes.online\/index.php?rest_route=%2Fwp%2Fv2%2Ftags&post=20928"}],"curies":[{"name":"wp","href":"https:\/\/api.w.org\/{rel}","templated":true}]}}