{"id":20924,"date":"2021-06-29T18:41:03","date_gmt":"2021-06-30T00:41:03","guid":{"rendered":"https:\/\/informativoelvalledeaguascalientes.online\/?p=20924"},"modified":"2021-06-29T18:41:03","modified_gmt":"2021-06-30T00:41:03","slug":"arrancan-tono-martin-del-campo-foros-ciudadanos-el-futuro-lo-hacemos-hoy","status":"publish","type":"post","link":"https:\/\/informativoelvalledeaguascalientes.online\/?p=20924","title":{"rendered":"ARRANCAN TO\u00d1O MART\u00cdN DEL CAMPO FOROS CIUDADANOS \u201cEL FUTURO LO HACEMOS HOY\u201d"},"content":{"rendered":"<p><strong>#informativoelvalledeaguascalientes , #novaradioaguascalientes<\/strong><\/p>\n<p>&nbsp;<\/p>\n<ul>\n<li><strong>Se cont\u00f3 con la presencia como expositores de Gabriel Quadri y Jos\u00e9 Luis Luege debido a su amplia trayectoria y experiencia en la materia<\/strong><\/li>\n<li><strong>Emitieron una serie de recomendaciones para revertir las consecuencias de las malas pr\u00e1cticas en materia medioambiental<\/strong><\/li>\n<li><strong>La intenci\u00f3n de estas mesas de trabajo es recopilar la informaci\u00f3n generada en aras de elaborar un documento que ser\u00e1 transformado en iniciativas de ley en bien de las y los mexicanos<\/strong><\/li>\n<\/ul>\n<p>En congruencia con su inter\u00e9s de tomar en cuenta la opini\u00f3n de la ciudadan\u00eda para la toma de decisiones, el Senador por Aguascalientes, To\u00f1o Mart\u00edn del Campo, puso en marcha los trabajos de los Foros Ciudadanos \u201cEl Futuro lo hacemos hoy\u201d, donde expertos en diferentes temas expondr\u00e1n sus puntos de vista para la creaci\u00f3n de pol\u00edticas p\u00fablicas y puedan servir para elaboraci\u00f3n de leyes en beneficio de las y los mexicanos.<\/p>\n<p>Detall\u00f3 que en nuestro estado el agua se extrae ya a una profundidad superior a los 600 metros, lo que representa un serio riesgo para todos, por ello es indispensable comenzar a trabajar desde los diferentes niveles gubernamentales en la planeaci\u00f3n de las estrategias para evitar mayores da\u00f1os al medio ambiente y por ende, a la sociedad.<\/p>\n<p><em>\u201cEs el momento de poder trabajar, de escuchar a cada uno de ustedes para tener pol\u00edticas p\u00fablicas eficientes que redunden en un mejor M\u00e9xico y un mejor Aguascalientes, tenemos que ver qu\u00e9 vamos a hacer los pr\u00f3ximos a\u00f1os con el agua tratada, el aire, los rellenos sanitarios, tenemos que dar un paso hacia el futuro pero eso lo tenemos que hacer hoy con los expertos en la materia\u201d.<\/em><\/p>\n<p>Teniendo como escenario la Cava Domecq, hasta donde se dieron cita catedr\u00e1ticos, representantes de colegios de profesionistas, funcionarios p\u00fablicos de los distintos niveles, entre otras personalidades estrechamente relacionadas con este tema, se cont\u00f3 con la presencia, en primer t\u00e9rmino, del ex candidato a la Presidencia de la Rep\u00fablica y Diputado Federal Electo por el PAN, Gabriel Quadri de la Torre, quien expuso la situaci\u00f3n a la que se enfrenta nuestro pa\u00eds actualmente en materia de medio ambiente y sustentabilidad.<\/p>\n<p>Durante su intervenci\u00f3n, se\u00f1al\u00f3 que para nuestro estado la sustentabilidad es uno de los principales objetivos y su agenda ambiental est\u00e1 basada en la prosperidad, el crecimiento y la calidad de vida, motivo por el cual Aguascalientes es considerado como ejemplo a nivel nacional en la materia, sin embargo, a\u00fan hay muchos retos a los que se debe hacer frente y por ello no se debe bajar la guardia.<\/p>\n<p>En lo que a cambio clim\u00e1tico se refiere, Quadri de la Torre manifest\u00f3 que a lo largo de los a\u00f1os nuestro planeta ha sufrido una serie de afectaciones debido principalmente a la acci\u00f3n del hombre, lo que ha desencadenado una elevaci\u00f3n significativa en la temperatura global y que ha dado como resultado el aumento en el nivel del mar, el deshielo de los polos, la expansi\u00f3n de las franjas des\u00e9rticas, entre otras situaciones que de continuar pueden tener consecuencias catastr\u00f3ficas.<\/p>\n<p><em>\u00a0\u201cEstamos en una situaci\u00f3n cr\u00edtica, el pa\u00eds est\u00e1 en un proceso de regresi\u00f3n, de involuci\u00f3n, de destrucci\u00f3n de instituciones, de desmantelamiento institucional, de quebrantamiento de acuerdos internacionales, de violaci\u00f3n de la ley nacional y tambi\u00e9n algo que est\u00e1 ahuyentando la inversi\u00f3n privada y que va a ser terriblemente costoso, no solamente en t\u00e9rminos ambientales y clim\u00e1ticos sino tambi\u00e9n ecol\u00f3gicos, de empleo y de bienestar\u201d<\/em><\/p>\n<p>De igual forma, se cont\u00f3 con la participaci\u00f3n v\u00eda zoom de Jos\u00e9 Luis Luege Tamargo, ex Director de la Comisi\u00f3n Nacional del Agua, quien resalt\u00f3 la importancia de cuidar el vital l\u00edquido, principalmente en las zonas donde m\u00e1s escaso se encuentra.<\/p>\n<p>En el caso espec\u00edfico de Aguascalientes, donde seg\u00fan las cifras oficiales el agua se extrae a una profundidad superior a los 600 metros, se\u00f1al\u00f3 que es de suma importancia la tecnificaci\u00f3n y el re dise\u00f1o de los programas de cuidado de este recurso, ya que de lo contrario, en el corto plazo se podr\u00eda perder el acu\u00edfero.<\/p>\n<p><em>\u201cLa p\u00e9rdida de un acu\u00edfero es una cat\u00e1strofe ya que es imposible reponerlo, t\u00e9cnicamente se puede pero cualquier proyecto de abastecimiento de agua lleva un largo periodo de tiempo, pueden durar incluso 10 a\u00f1os y no podemos enfrentarnos a esta situaci\u00f3n. Abusamos del uso de agua en el \u00e1mbito dom\u00e9stico y agr\u00edcola, si perdemos los acu\u00edferos perdemos todo, el desarrollo econ\u00f3mico y la vida\u201d. <\/em><\/p>\n<p>Para evitar esta eventualidad, Luege Tamargo emiti\u00f3 una serie de recomendaciones que deber\u00e1n ser aplicadas a la brevedad entre las que destaca el adecuado manejo de los pozos de donde se debe extraer un m\u00e1ximo del 40% de la recarga media anual para permitir su recuperaci\u00f3n; asimismo precis\u00f3 que los organismos reguladores del agua deben ser manejados por t\u00e9cnicos especializados en el tema y mantenerse en el muy largo plazo con una proyecci\u00f3n a 30 a\u00f1os.<\/p>\n<p>Finalmente, reconoci\u00f3 esta iniciativa del Senador To\u00f1o Mart\u00edn del Campo e hizo el exhorto a los involucrados en estos foros a participar activamente para alcanzar la meta de construir un mejor pa\u00eds para todas y todos los mexicanos.<\/p>\n<p>Al t\u00e9rmino del evento Mart\u00edn del Campo agradeci\u00f3 a las y los asistentes, as\u00ed como a los ponentes por haber aportado sus conocimientos e invit\u00f3 a la ciudadan\u00eda a inscribirse en el portal <a href=\"http:\/\/www.elfuturolohacemoshoy.com\">www.elfuturolohacemoshoy.com<\/a> al siguiente foro \u201cRa\u00edces Fuertes: Educaci\u00f3n\u201d impartida por el Diputado Federal Electo Juan Carlos Romero Hicks y el ex Gobernador de Aguascalientes Otto Granados Rold\u00e1n el pr\u00f3ximo 13 de julio.<\/p>\n","protected":false},"excerpt":{"rendered":"<p>#informativoelvalledeaguascalientes , #novaradioaguascalientes &nbsp; Se cont\u00f3 con la presencia como expositores de Gabriel Quadri y Jos\u00e9 Luis Luege debido a su amplia trayectoria y experiencia en la materia Emitieron una serie de recomendaciones para revertir las consecuencias de las malas pr\u00e1cticas en materia medioambiental La intenci\u00f3n de estas mesas de trabajo es recopilar la informaci\u00f3n [&hellip;]<\/p>\n","protected":false},"author":1,"featured_media":20925,"comment_status":"closed","ping_status":"open","sticky":false,"template":"","format":"standard","meta":{"advanced_seo_description":"","jetpack_seo_html_title":"","jetpack_seo_noindex":false,"_jetpack_memberships_contains_paid_content":false,"footnotes":"","jetpack_publicize_message":"","jetpack_publicize_feature_enabled":true,"jetpack_social_post_already_shared":true,"jetpack_social_options":{"image_generator_settings":{"template":"highway","default_image_id":0,"font":"","enabled":false},"version":2}},"categories":[21,7],"tags":[22,23,49],"class_list":["post-20924","post","type-post","status-publish","format-standard","has-post-thumbnail","hentry","category-aguascalientes","category-pan-aguascalientes","tag-aguascalientes","tag-pan-aguascalientes","tag-tono-martin-del-campo"],"jetpack_publicize_connections":[],"jetpack_featured_media_url":"https:\/\/i0.wp.com\/informativoelvalledeaguascalientes.online\/wp-content\/uploads\/2021\/06\/Tono-Martin-del-Campo-4.jpeg?fit=1024%2C678&ssl=1","jetpack-related-posts":[],"jetpack_sharing_enabled":true,"jetpack_likes_enabled":true,"_links":{"self":[{"href":"https:\/\/informativoelvalledeaguascalientes.online\/index.php?rest_route=\/wp\/v2\/posts\/20924","targetHints":{"allow":["GET"]}}],"collection":[{"href":"https:\/\/informativoelvalledeaguascalientes.online\/index.php?rest_route=\/wp\/v2\/posts"}],"about":[{"href":"https:\/\/informativoelvalledeaguascalientes.online\/index.php?rest_route=\/wp\/v2\/types\/post"}],"author":[{"embeddable":true,"href":"https:\/\/informativoelvalledeaguascalientes.online\/index.php?rest_route=\/wp\/v2\/users\/1"}],"replies":[{"embeddable":true,"href":"https:\/\/informativoelvalledeaguascalientes.online\/index.php?rest_route=%2Fwp%2Fv2%2Fcomments&post=20924"}],"version-history":[{"count":1,"href":"https:\/\/informativoelvalledeaguascalientes.online\/index.php?rest_route=\/wp\/v2\/posts\/20924\/revisions"}],"predecessor-version":[{"id":20926,"href":"https:\/\/informativoelvalledeaguascalientes.online\/index.php?rest_route=\/wp\/v2\/posts\/20924\/revisions\/20926"}],"wp:featuredmedia":[{"embeddable":true,"href":"https:\/\/informativoelvalledeaguascalientes.online\/index.php?rest_route=\/wp\/v2\/media\/20925"}],"wp:attachment":[{"href":"https:\/\/informativoelvalledeaguascalientes.online\/index.php?rest_route=%2Fwp%2Fv2%2Fmedia&parent=20924"}],"wp:term":[{"taxonomy":"category","embeddable":true,"href":"https:\/\/informativoelvalledeaguascalientes.online\/index.php?rest_route=%2Fwp%2Fv2%2Fcategories&post=20924"},{"taxonomy":"post_tag","embeddable":true,"href":"https:\/\/informativoelvalledeaguascalientes.online\/index.php?rest_route=%2Fwp%2Fv2%2Ftags&post=20924"}],"curies":[{"name":"wp","href":"https:\/\/api.w.org\/{rel}","templated":true}]}}