{"id":20921,"date":"2021-06-29T18:35:39","date_gmt":"2021-06-30T00:35:39","guid":{"rendered":"https:\/\/informativoelvalledeaguascalientes.online\/?p=20921"},"modified":"2021-06-29T18:35:39","modified_gmt":"2021-06-30T00:35:39","slug":"tere-jimenez-reanuda-el-programa-presencial-de-jueves-de-bolsa-de-trabajo","status":"publish","type":"post","link":"https:\/\/informativoelvalledeaguascalientes.online\/?p=20921","title":{"rendered":"TERE JIM\u00c9NEZ REANUDA EL PROGRAMA PRESENCIAL DE JUEVES DE BOLSA DE TRABAJO"},"content":{"rendered":"<p>&nbsp;<\/p>\n<p><strong>#informativoelvalledeaguascalientes , #novaradioaguascalientes<br \/>\n<\/strong><\/p>\n<ul>\n<li><strong>A partir de este 1 de julio\u00a0en Palacio Municipal,\u00a0m\u00e1s de 60 empresas ofrecer\u00e1n vacantes para todos los niveles de escolares y edades<\/strong><\/li>\n<\/ul>\n<p>Este 1 de julio, por instrucciones de la alcaldesa de Aguascalientes,\u00a0<strong>Tere Jim\u00e9nez<\/strong>, se reanudar\u00e1n las actividades presenciales del programa \u201cJueves de Bolsa de Trabajo\u201d, como parte de las acciones para impulsar la productividad empresarial y la econom\u00eda de las familias.<\/p>\n<p>De 09:00 a 14:00 horas, a trav\u00e9s de la Secretar\u00eda de Econom\u00eda Social y Turismo Municipal (SETUM), m\u00e1s de 60 empresas de manera presencial y en l\u00ednea ofertar\u00e1n mil 500 vacantes para todos los niveles escolares y edades.<\/p>\n<p>El titular de SETUM,\u00a0<strong>Jaime Dur\u00e1n Padilla,\u00a0<\/strong>mencion\u00f3 que se ofrecer\u00e1n oportunidades de empleo en los giros: automotriz, de servicios, industria de la transformaci\u00f3n, hoteles y restaurantes.<\/p>\n<p>Se contar\u00e1 con todas las medidas sanitarias para prevenir contagios de Covid-19 y las personas que deseen ingresar a Palacio Municipal deber\u00e1n portar correctamente su cubrebocas. Se recomienda prepararse con solicitudes elaboradas y presentar identificaci\u00f3n oficial para registro de datos.<\/p>\n<p>Para mayores informes est\u00e1 disponible el n\u00famero telef\u00f3nico de la SETUM 449 910 10 10, extensiones 3003, 3007, 3019 y 3020, o acudir a las oficinas en Antonio Acevedo Escobedo #103-A, zona centro.<\/p>\n","protected":false},"excerpt":{"rendered":"<p>&nbsp; #informativoelvalledeaguascalientes , #novaradioaguascalientes A partir de este 1 de julio\u00a0en Palacio Municipal,\u00a0m\u00e1s de 60 empresas ofrecer\u00e1n vacantes para todos los niveles de escolares y edades Este 1 de julio, por instrucciones de la alcaldesa de Aguascalientes,\u00a0Tere Jim\u00e9nez, se reanudar\u00e1n las actividades presenciales del programa \u201cJueves de Bolsa de Trabajo\u201d, como parte de las acciones [&hellip;]<\/p>\n","protected":false},"author":1,"featured_media":20922,"comment_status":"closed","ping_status":"open","sticky":false,"template":"","format":"standard","meta":{"advanced_seo_description":"","jetpack_seo_html_title":"","jetpack_seo_noindex":false,"_jetpack_memberships_contains_paid_content":false,"footnotes":"","jetpack_publicize_message":"","jetpack_publicize_feature_enabled":true,"jetpack_social_post_already_shared":true,"jetpack_social_options":{"image_generator_settings":{"template":"highway","default_image_id":0,"font":"","enabled":false},"version":2}},"categories":[21,3],"tags":[22,25,124],"class_list":["post-20921","post","type-post","status-publish","format-standard","has-post-thumbnail","hentry","category-aguascalientes","category-municipio-aguascalientes","tag-aguascalientes","tag-mpio-aguascalientes","tag-mpio-aguascalientes-setum"],"jetpack_publicize_connections":[],"jetpack_featured_media_url":"https:\/\/i0.wp.com\/informativoelvalledeaguascalientes.online\/wp-content\/uploads\/2021\/06\/KMG_9375-scaled-1.jpg?fit=2560%2C1707&ssl=1","jetpack-related-posts":[],"jetpack_sharing_enabled":true,"jetpack_likes_enabled":true,"_links":{"self":[{"href":"https:\/\/informativoelvalledeaguascalientes.online\/index.php?rest_route=\/wp\/v2\/posts\/20921","targetHints":{"allow":["GET"]}}],"collection":[{"href":"https:\/\/informativoelvalledeaguascalientes.online\/index.php?rest_route=\/wp\/v2\/posts"}],"about":[{"href":"https:\/\/informativoelvalledeaguascalientes.online\/index.php?rest_route=\/wp\/v2\/types\/post"}],"author":[{"embeddable":true,"href":"https:\/\/informativoelvalledeaguascalientes.online\/index.php?rest_route=\/wp\/v2\/users\/1"}],"replies":[{"embeddable":true,"href":"https:\/\/informativoelvalledeaguascalientes.online\/index.php?rest_route=%2Fwp%2Fv2%2Fcomments&post=20921"}],"version-history":[{"count":1,"href":"https:\/\/informativoelvalledeaguascalientes.online\/index.php?rest_route=\/wp\/v2\/posts\/20921\/revisions"}],"predecessor-version":[{"id":20923,"href":"https:\/\/informativoelvalledeaguascalientes.online\/index.php?rest_route=\/wp\/v2\/posts\/20921\/revisions\/20923"}],"wp:featuredmedia":[{"embeddable":true,"href":"https:\/\/informativoelvalledeaguascalientes.online\/index.php?rest_route=\/wp\/v2\/media\/20922"}],"wp:attachment":[{"href":"https:\/\/informativoelvalledeaguascalientes.online\/index.php?rest_route=%2Fwp%2Fv2%2Fmedia&parent=20921"}],"wp:term":[{"taxonomy":"category","embeddable":true,"href":"https:\/\/informativoelvalledeaguascalientes.online\/index.php?rest_route=%2Fwp%2Fv2%2Fcategories&post=20921"},{"taxonomy":"post_tag","embeddable":true,"href":"https:\/\/informativoelvalledeaguascalientes.online\/index.php?rest_route=%2Fwp%2Fv2%2Ftags&post=20921"}],"curies":[{"name":"wp","href":"https:\/\/api.w.org\/{rel}","templated":true}]}}