{"id":20899,"date":"2021-06-28T21:46:22","date_gmt":"2021-06-29T03:46:22","guid":{"rendered":"https:\/\/informativoelvalledeaguascalientes.online\/?p=20899"},"modified":"2021-06-28T21:46:22","modified_gmt":"2021-06-29T03:46:22","slug":"el-futuro-lo-hacemos-hoy-tono-martin-del-campo","status":"publish","type":"post","link":"https:\/\/informativoelvalledeaguascalientes.online\/?p=20899","title":{"rendered":"EL FUTURO LO HACEMOS HOY: TO\u00d1O MART\u00cdN DEL CAMPO"},"content":{"rendered":"<p>#informativoelvalledeaguascalientes , #novaradioaguascalientes<\/p>\n<p>EL Senador To\u00f1o Mart\u00edn del Campo invita a toda la ciudadan\u00eda de Aguascalientes a participar el d\u00eda de ma\u00f1ana al inicio de los foros \u201cEl Futuro Lo Hacemos Hoy\u201d en la Cava Domecq en punto de las 10:00 horas y los interesados podr\u00e1n registrarse en la p\u00e1gina web www.elfuturolohacemoshoy.com<\/p>\n<p>El Senador de la Rep\u00fablica mencion\u00f3 que el primer foro llamado \u201cD\u00eda Cero, Cambio Clim\u00e1tico y Agua\u201d se tendr\u00e1n exponentes de gran experiencia en el tema como el Excandidato presidencial y actual Diputado Federal Electo Gabriel Quadr\u00ed y el Ex director de la Comisi\u00f3n Nacional del Agua Jos\u00e9 Luis Luege Tamargo quienes gracias a su gran experiencia podr\u00e1n aportar sus conocimientos a la ciudadan\u00eda sobre temas como el desarrollo sustentable, el cambio y clim\u00e1tico y el agua.<\/p>\n<p>Mart\u00edn del Campo se mostr\u00f3 complacido por el inter\u00e9s de los ponentes en participar en estos foros ya que sabe que sus aportaciones, junto con las de las y los asistentes ser\u00e1n de gran ayuda para seguir construyendo un gran futuro para nuestro estado y as\u00ed poder armar una carpeta de ideas, para posteriormente analizarlas y desde el Senado de la Rep\u00fablica pueda presentar las iniciativas que mejor le convengan no solamente a los aguascalentenses, sino a todos los mexicanos.<\/p>\n","protected":false},"excerpt":{"rendered":"<p>#informativoelvalledeaguascalientes , #novaradioaguascalientes EL Senador To\u00f1o Mart\u00edn del Campo invita a toda la ciudadan\u00eda de Aguascalientes a participar el d\u00eda de ma\u00f1ana al inicio de los foros \u201cEl Futuro Lo Hacemos Hoy\u201d en la Cava Domecq en punto de las 10:00 horas y los interesados podr\u00e1n registrarse en la p\u00e1gina web www.elfuturolohacemoshoy.com El Senador de [&hellip;]<\/p>\n","protected":false},"author":1,"featured_media":20900,"comment_status":"closed","ping_status":"open","sticky":false,"template":"","format":"standard","meta":{"advanced_seo_description":"","jetpack_seo_html_title":"","jetpack_seo_noindex":false,"_jetpack_memberships_contains_paid_content":false,"footnotes":"","jetpack_publicize_message":"","jetpack_publicize_feature_enabled":true,"jetpack_social_post_already_shared":true,"jetpack_social_options":{"image_generator_settings":{"template":"highway","default_image_id":0,"font":"","enabled":false},"version":2}},"categories":[21,7],"tags":[22,23,49],"class_list":["post-20899","post","type-post","status-publish","format-standard","has-post-thumbnail","hentry","category-aguascalientes","category-pan-aguascalientes","tag-aguascalientes","tag-pan-aguascalientes","tag-tono-martin-del-campo"],"jetpack_publicize_connections":[],"jetpack_featured_media_url":"https:\/\/i0.wp.com\/informativoelvalledeaguascalientes.online\/wp-content\/uploads\/2021\/06\/el-futuro-lo-hacemos-hoy.jpeg?fit=1080%2C1182&ssl=1","jetpack-related-posts":[],"jetpack_sharing_enabled":true,"jetpack_likes_enabled":true,"_links":{"self":[{"href":"https:\/\/informativoelvalledeaguascalientes.online\/index.php?rest_route=\/wp\/v2\/posts\/20899","targetHints":{"allow":["GET"]}}],"collection":[{"href":"https:\/\/informativoelvalledeaguascalientes.online\/index.php?rest_route=\/wp\/v2\/posts"}],"about":[{"href":"https:\/\/informativoelvalledeaguascalientes.online\/index.php?rest_route=\/wp\/v2\/types\/post"}],"author":[{"embeddable":true,"href":"https:\/\/informativoelvalledeaguascalientes.online\/index.php?rest_route=\/wp\/v2\/users\/1"}],"replies":[{"embeddable":true,"href":"https:\/\/informativoelvalledeaguascalientes.online\/index.php?rest_route=%2Fwp%2Fv2%2Fcomments&post=20899"}],"version-history":[{"count":1,"href":"https:\/\/informativoelvalledeaguascalientes.online\/index.php?rest_route=\/wp\/v2\/posts\/20899\/revisions"}],"predecessor-version":[{"id":20901,"href":"https:\/\/informativoelvalledeaguascalientes.online\/index.php?rest_route=\/wp\/v2\/posts\/20899\/revisions\/20901"}],"wp:featuredmedia":[{"embeddable":true,"href":"https:\/\/informativoelvalledeaguascalientes.online\/index.php?rest_route=\/wp\/v2\/media\/20900"}],"wp:attachment":[{"href":"https:\/\/informativoelvalledeaguascalientes.online\/index.php?rest_route=%2Fwp%2Fv2%2Fmedia&parent=20899"}],"wp:term":[{"taxonomy":"category","embeddable":true,"href":"https:\/\/informativoelvalledeaguascalientes.online\/index.php?rest_route=%2Fwp%2Fv2%2Fcategories&post=20899"},{"taxonomy":"post_tag","embeddable":true,"href":"https:\/\/informativoelvalledeaguascalientes.online\/index.php?rest_route=%2Fwp%2Fv2%2Ftags&post=20899"}],"curies":[{"name":"wp","href":"https:\/\/api.w.org\/{rel}","templated":true}]}}