{"id":20887,"date":"2021-06-28T20:51:21","date_gmt":"2021-06-29T02:51:21","guid":{"rendered":"https:\/\/informativoelvalledeaguascalientes.online\/?p=20887"},"modified":"2021-06-28T20:51:21","modified_gmt":"2021-06-29T02:51:21","slug":"calvillo-aguascalientes-informa-36","status":"publish","type":"post","link":"https:\/\/informativoelvalledeaguascalientes.online\/?p=20887","title":{"rendered":"Calvillo, Aguascalientes. Informa"},"content":{"rendered":"<p><strong>#informativoelvalledeaguascalientes , #novaradioaguascalientes<\/strong><\/p>\n<p>El d\u00eda de hoy el presidente municipal, Ad\u00e1n Valdivia L\u00f3pez visit\u00f3 las instalaciones de &#8220;Renaciendo Calvillo&#8221; Asociaci\u00f3n Civil con la que se trabaj\u00f3 de la mano para su construcci\u00f3n y su pr\u00f3xima apertura en el mes de julio.<\/p>\n<p>Un nuevo espacio para la rehabilitaci\u00f3n de personas con adicciones y alg\u00fan transtorno o enfermedad mental, ofreci\u00e9ndoles una recuperaci\u00f3n integral que facilite su integraci\u00f3n social y familiar.<\/p>\n<p>#GobiernoContigo<\/p>\n","protected":false},"excerpt":{"rendered":"<p>#informativoelvalledeaguascalientes , #novaradioaguascalientes El d\u00eda de hoy el presidente municipal, Ad\u00e1n Valdivia L\u00f3pez visit\u00f3 las instalaciones de &#8220;Renaciendo Calvillo&#8221; Asociaci\u00f3n Civil con la que se trabaj\u00f3 de la mano para su construcci\u00f3n y su pr\u00f3xima apertura en el mes de julio. Un nuevo espacio para la rehabilitaci\u00f3n de personas con adicciones y alg\u00fan transtorno o [&hellip;]<\/p>\n","protected":false},"author":1,"featured_media":20888,"comment_status":"closed","ping_status":"open","sticky":false,"template":"","format":"standard","meta":{"advanced_seo_description":"","jetpack_seo_html_title":"","jetpack_seo_noindex":false,"_jetpack_memberships_contains_paid_content":false,"footnotes":"","jetpack_publicize_message":"","jetpack_publicize_feature_enabled":true,"jetpack_social_post_already_shared":true,"jetpack_social_options":{"image_generator_settings":{"template":"highway","default_image_id":0,"font":"","enabled":false},"version":2}},"categories":[21,13],"tags":[22,88,29],"class_list":["post-20887","post","type-post","status-publish","format-standard","has-post-thumbnail","hentry","category-aguascalientes","category-calvillo-aguascalientes","tag-aguascalientes","tag-calvillo","tag-calvillo-aguascalientes"],"jetpack_publicize_connections":[],"jetpack_featured_media_url":"https:\/\/i0.wp.com\/informativoelvalledeaguascalientes.online\/wp-content\/uploads\/2021\/06\/WhatsApp-Image-2021-06-28-at-4.38.46-PM.jpeg?fit=1080%2C802&ssl=1","jetpack-related-posts":[],"jetpack_sharing_enabled":true,"jetpack_likes_enabled":true,"_links":{"self":[{"href":"https:\/\/informativoelvalledeaguascalientes.online\/index.php?rest_route=\/wp\/v2\/posts\/20887","targetHints":{"allow":["GET"]}}],"collection":[{"href":"https:\/\/informativoelvalledeaguascalientes.online\/index.php?rest_route=\/wp\/v2\/posts"}],"about":[{"href":"https:\/\/informativoelvalledeaguascalientes.online\/index.php?rest_route=\/wp\/v2\/types\/post"}],"author":[{"embeddable":true,"href":"https:\/\/informativoelvalledeaguascalientes.online\/index.php?rest_route=\/wp\/v2\/users\/1"}],"replies":[{"embeddable":true,"href":"https:\/\/informativoelvalledeaguascalientes.online\/index.php?rest_route=%2Fwp%2Fv2%2Fcomments&post=20887"}],"version-history":[{"count":1,"href":"https:\/\/informativoelvalledeaguascalientes.online\/index.php?rest_route=\/wp\/v2\/posts\/20887\/revisions"}],"predecessor-version":[{"id":20889,"href":"https:\/\/informativoelvalledeaguascalientes.online\/index.php?rest_route=\/wp\/v2\/posts\/20887\/revisions\/20889"}],"wp:featuredmedia":[{"embeddable":true,"href":"https:\/\/informativoelvalledeaguascalientes.online\/index.php?rest_route=\/wp\/v2\/media\/20888"}],"wp:attachment":[{"href":"https:\/\/informativoelvalledeaguascalientes.online\/index.php?rest_route=%2Fwp%2Fv2%2Fmedia&parent=20887"}],"wp:term":[{"taxonomy":"category","embeddable":true,"href":"https:\/\/informativoelvalledeaguascalientes.online\/index.php?rest_route=%2Fwp%2Fv2%2Fcategories&post=20887"},{"taxonomy":"post_tag","embeddable":true,"href":"https:\/\/informativoelvalledeaguascalientes.online\/index.php?rest_route=%2Fwp%2Fv2%2Ftags&post=20887"}],"curies":[{"name":"wp","href":"https:\/\/api.w.org\/{rel}","templated":true}]}}