{"id":20872,"date":"2021-06-27T21:06:06","date_gmt":"2021-06-28T03:06:06","guid":{"rendered":"https:\/\/informativoelvalledeaguascalientes.online\/?p=20872"},"modified":"2021-06-27T21:06:06","modified_gmt":"2021-06-28T03:06:06","slug":"la-cnc-rinde-homenaje-a-benigno-delgado-perez-y-colocan-su-fotografia-oficial-en-el-muro-de-destacados-cenecistas","status":"publish","type":"post","link":"https:\/\/informativoelvalledeaguascalientes.online\/?p=20872","title":{"rendered":"LA CNC RINDE HOMENAJE A BENIGNO DELGADO P\u00c9REZ Y COLOCAN SU FOTOGRAF\u00cdA OFICIAL EN EL MURO DE DESTACADOS CENECISTAS"},"content":{"rendered":"<p style=\"font-weight: 400;\"><strong> #informativoelvalledeaguascalientes #novaradioaguascalientes<\/strong><\/p>\n<p style=\"font-weight: 400;\">\n<p style=\"font-weight: 400;\">El Comit\u00e9 Ejecutivo Nacional y el Comit\u00e9 Directivo Estatal del PRI, reconocen la entrega y la labor partidista con un homenaje a don Benigno Delgado P\u00e9rez, un priista ejemplar que nos deja un gran legado para seguir su ejemplo y trabajar por la instituci\u00f3n, asegur\u00f3 nuestro delegado del CEN con funciones de presidente del CDE del PRI, Antonio Lugo Morales.<\/p>\n<p style=\"font-weight: 400;\">\n<p style=\"font-weight: 400;\">\u201cDon Benigno Delgado un hombre que marco ruta que con su empe\u00f1o gener\u00f3 condiciones de bienestar entre su sector, entre su comunidad y para su gente\u201d.<\/p>\n<p style=\"font-weight: 400;\">\n<p style=\"font-weight: 400;\">El l\u00edder estatal acudi\u00f3 junto con la secretaria general, Leslie Atilano Tapia, el secretario de Organizaci\u00f3n, Eduardo Hern\u00e1ndez Tavera, con la diputada federal, Norma Guel Sald\u00edvar y electo Noel Mata Atilano, el presidente municipal electo de Pabell\u00f3n de Arteaga, Humberto Ambriz y los regidores electos Araceli Rangel, Chava Torres y Carlos Lu\u00e9vanos, entre otros distinguidos priistas y simpatizantes al homenaje y colocaci\u00f3n de la fotograf\u00eda del priista Benigno Delgado P\u00e9rez en el muro de honor de cenecistas destacados.<\/p>\n<p style=\"font-weight: 400;\">\n<p style=\"font-weight: 400;\">El presidente Antonio Lugo, portador de un saludo de la dirigencia nacional del PRI, que encabezan Alejandro Moreno y Carolina Viggiano, reconoci\u00f3 el gran esfuerzo de todos los priistas que salimos a dar la cara en la presente elecci\u00f3n con congruencia, compromiso y convicci\u00f3n.<\/p>\n<p style=\"font-weight: 400;\">\n<p style=\"font-weight: 400;\">Exhort\u00f3 a que Noel Mata Atilano nuestro diputado federal por la coalici\u00f3n Va por M\u00e9xico, sea un digno representante en la c\u00e1mara de diputados federales, toda vez que en la actualidad en M\u00e9xico se ha perdido el rumbo en temas como: salud, educaci\u00f3n, seguridad, econom\u00eda entre otros.<\/p>\n<p style=\"font-weight: 400;\">\n<p style=\"font-weight: 400;\">Carlos Estrada Valdez, l\u00edder de la CNC en Aguascalientes, convoc\u00f3 a los presentes a rendirle a manera de homenaje, un minuto de aplausos a la memoria de don Benigno Delgado P\u00e9rez, y que justamente en presencia de la familia se realiz\u00f3 un bonito evento en el que se coloc\u00f3 de manera oficial la fotograf\u00eda oficial en el muro de honor que hoy qued\u00f3 inaugurado y del que formar\u00e1n parte m\u00e1s personajes campesinos.<\/p>\n<p style=\"font-weight: 400;\">\n<p style=\"font-weight: 400;\">El l\u00edder nacional de la CNC, Ismael Alfredo Hern\u00e1ndez Deras, v\u00eda telef\u00f3nica mand\u00f3 un mensaje de aliento a la familia del homenajeado, al igual que para todos los presentes miembros de la liga de comunidades agrarias y sindicatos campesinos de Aguascalientes.<\/p>\n<p style=\"font-weight: 400;\">\n<p style=\"font-weight: 400;\">Francisco Rangel Mart\u00ednez, secretario de Organizaci\u00f3n de la CNC, tuvo la distinci\u00f3n a manera de resumen de leer una semblanza de don Benigno Delgado P\u00e9rez, hombre campesino que se distingui\u00f3 por militar en el PRI y trabajar en beneficio de las personas, ayudando a los suyos hasta sus \u00faltimos d\u00edas que vivi\u00f3 en la comunidad de Los Ca\u00f1os que se encuentra a 18 kil\u00f3metros de Aguascalientes.<\/p>\n<p style=\"font-weight: 400;\">\n<p style=\"font-weight: 400;\">El Arqui Noel Mata Atilano, diputado electo por el distrito federal 1 visiblemente emocionado, agradeci\u00f3 la invitaci\u00f3n a participar en el homenaje y reconoci\u00f3 al priismo en general de Aguascalientes, que trabajamos para que pudiera lograr el objetivo de ganar con la coalici\u00f3n Va por M\u00e9xico.<\/p>\n<p style=\"font-weight: 400;\">\n<p style=\"font-weight: 400;\">\u201cUna coalici\u00f3n hist\u00f3rica que muchos pensamos que no se iba a dar, las circunstancia que hoy en d\u00eda vive nuestro pa\u00eds nos llev\u00f3 a ese momento y la verdad es que acepte el reto con orgullo, y debo de agradecer, debo de reconocer al priismo de Aguascalientes por ayudarme a lograr el objetivo de una forma contundente, de una forma en que no qued\u00f3 ninguna duda que la gente quiere un pa\u00eds de instituciones, un pa\u00eds de paz, un pa\u00eds de respeto, un pa\u00eds de democracia. Y es as\u00ed que con estas tres fuerzas representadas PRI, PAN y PRD logramos el objetivo de estar en el Congreso federal\u201d.<\/p>\n<p style=\"font-weight: 400;\">\n<p style=\"font-weight: 400;\">Para concluir el Arqui Noel Mata Atilano agradeci\u00f3 en general a los priistas y sobre todo a la dirigencia estatal del CDE del PRI, por el respaldo y que junto con los Comit\u00e9s Municipales del PRI, con el esfuerzo se logr\u00f3 el objetivo y al mismo tiempo se comprometi\u00f3 a trabajar por el bien del pa\u00eds y de los Aguascalentenses.<\/p>\n","protected":false},"excerpt":{"rendered":"<p>#informativoelvalledeaguascalientes #novaradioaguascalientes El Comit\u00e9 Ejecutivo Nacional y el Comit\u00e9 Directivo Estatal del PRI, reconocen la entrega y la labor partidista con un homenaje a don Benigno Delgado P\u00e9rez, un priista ejemplar que nos deja un gran legado para seguir su ejemplo y trabajar por la instituci\u00f3n, asegur\u00f3 nuestro delegado del CEN con funciones de presidente [&hellip;]<\/p>\n","protected":false},"author":1,"featured_media":20873,"comment_status":"closed","ping_status":"open","sticky":false,"template":"","format":"standard","meta":{"advanced_seo_description":"","jetpack_seo_html_title":"","jetpack_seo_noindex":false,"_jetpack_memberships_contains_paid_content":false,"footnotes":"","jetpack_publicize_message":"","jetpack_publicize_feature_enabled":true,"jetpack_social_post_already_shared":true,"jetpack_social_options":{"image_generator_settings":{"template":"highway","default_image_id":0,"font":"","enabled":false},"version":2}},"categories":[21,9],"tags":[22,33],"class_list":["post-20872","post","type-post","status-publish","format-standard","has-post-thumbnail","hentry","category-aguascalientes","category-pri-aguascalientes","tag-aguascalientes","tag-pri-aguascalientes-cde"],"jetpack_publicize_connections":[],"jetpack_featured_media_url":"https:\/\/i0.wp.com\/informativoelvalledeaguascalientes.online\/wp-content\/uploads\/2021\/06\/pri_cde_ags_27062021.jpg?fit=938%2C625&ssl=1","jetpack-related-posts":[],"jetpack_sharing_enabled":true,"jetpack_likes_enabled":true,"_links":{"self":[{"href":"https:\/\/informativoelvalledeaguascalientes.online\/index.php?rest_route=\/wp\/v2\/posts\/20872","targetHints":{"allow":["GET"]}}],"collection":[{"href":"https:\/\/informativoelvalledeaguascalientes.online\/index.php?rest_route=\/wp\/v2\/posts"}],"about":[{"href":"https:\/\/informativoelvalledeaguascalientes.online\/index.php?rest_route=\/wp\/v2\/types\/post"}],"author":[{"embeddable":true,"href":"https:\/\/informativoelvalledeaguascalientes.online\/index.php?rest_route=\/wp\/v2\/users\/1"}],"replies":[{"embeddable":true,"href":"https:\/\/informativoelvalledeaguascalientes.online\/index.php?rest_route=%2Fwp%2Fv2%2Fcomments&post=20872"}],"version-history":[{"count":1,"href":"https:\/\/informativoelvalledeaguascalientes.online\/index.php?rest_route=\/wp\/v2\/posts\/20872\/revisions"}],"predecessor-version":[{"id":20874,"href":"https:\/\/informativoelvalledeaguascalientes.online\/index.php?rest_route=\/wp\/v2\/posts\/20872\/revisions\/20874"}],"wp:featuredmedia":[{"embeddable":true,"href":"https:\/\/informativoelvalledeaguascalientes.online\/index.php?rest_route=\/wp\/v2\/media\/20873"}],"wp:attachment":[{"href":"https:\/\/informativoelvalledeaguascalientes.online\/index.php?rest_route=%2Fwp%2Fv2%2Fmedia&parent=20872"}],"wp:term":[{"taxonomy":"category","embeddable":true,"href":"https:\/\/informativoelvalledeaguascalientes.online\/index.php?rest_route=%2Fwp%2Fv2%2Fcategories&post=20872"},{"taxonomy":"post_tag","embeddable":true,"href":"https:\/\/informativoelvalledeaguascalientes.online\/index.php?rest_route=%2Fwp%2Fv2%2Ftags&post=20872"}],"curies":[{"name":"wp","href":"https:\/\/api.w.org\/{rel}","templated":true}]}}