{"id":20803,"date":"2021-06-25T19:18:34","date_gmt":"2021-06-26T01:18:34","guid":{"rendered":"https:\/\/informativoelvalledeaguascalientes.online\/?p=20803"},"modified":"2021-06-25T19:18:34","modified_gmt":"2021-06-26T01:18:34","slug":"manolin-gutierrez-tuvo-una-dura-prueba-en-segunda-fecha-de-nascar-mexico","status":"publish","type":"post","link":"https:\/\/informativoelvalledeaguascalientes.online\/?p=20803","title":{"rendered":"\u201cManol\u00edn\u201d Guti\u00e9rrez, tuvo una dura prueba en segunda fecha de NASCAR M\u00e9xico"},"content":{"rendered":"<p style=\"font-weight: 400;\">#informativoelvalledeaguascalientes #novaradioaguascalientes<\/p>\n<p style=\"font-weight: 400;\"><strong>\u00a0<\/strong><\/p>\n<p style=\"font-weight: 400;\">La segunda fecha de <strong>NASCAR PEAK M\u00e9xico Series<\/strong>\u00a0result\u00f3 un obst\u00e1culo dif\u00edcil para el piloto tamaulipeco, \u201cManol\u00edn\u201d Guti\u00e9rrez, quien el pasado fin de semana se enfrent\u00f3 al \u00f3valo del aut\u00f3dromo de Quer\u00e9taro, en su temporada de regreso a las pistas.<\/p>\n<p style=\"font-weight: 400;\">\n<p style=\"font-weight: 400;\">\u00a0\u201cManol\u00edn\u201d Guti\u00e9rrez, tuvo su segundo compromiso del a\u00f1o a bordo del auto\u00a0<strong>#68 Grupo GUME\/ Liqui Moly<\/strong>, del\u00a0<strong>HO Speed Racing<\/strong>, en un fin de semana dif\u00edcil incluso por las condiciones clim\u00e1ticas, mismas que obligaron a posponer la segunda sesi\u00f3n de pr\u00e1cticas, pasando del s\u00e1bado al domingo por la ma\u00f1ana ante la presencia de lluvia.<\/p>\n<p style=\"font-weight: 400;\">\n<p style=\"font-weight: 400;\">Esto obligaba a un esfuerzo doble para el d\u00eda domingo, teniendo primero la pr\u00e1ctica oficial, para despu\u00e9s prepararse de cara a la competencia pactada a 140 giros o 90 minutos, en el \u00f3valo que cuenta con 1.275 kil\u00f3metros de longitud, sin tener clasificaci\u00f3n, saliendo con parrilla invertida de acuerdo al estado del campeonato, adem\u00e1s de tener en la primera parte a los autos Challenge.<\/p>\n<p style=\"font-weight: 400;\">\n<p style=\"font-weight: 400;\">La carrera inici\u00f3 en punto de las 14 horas, con \u201cManol\u00edn\u201d recuperando puestos, peleando entre los 10 primeros generales y buscando un resultado importante. Para su mala fortuna, tras la parada programada en pits, algunos problemas con el auto le hicieron perder ese ritmo, terminando esta segunda fecha en el sitio 15.<\/p>\n<p style=\"font-weight: 400;\">\n<p style=\"font-weight: 400;\"><strong>Manol\u00edn Guti\u00e9rrez auto #68:<\/strong><\/p>\n<p style=\"font-weight: 400;\"><strong>\u00a0<\/strong><\/p>\n<p style=\"font-weight: 400;\"><strong><em>\u201cSin duda regresar despu\u00e9s de todo un a\u00f1o fuera no es f\u00e1cil. Sab\u00edamos que se tiene un duro trabajo por delante y creo que aun nos quedan cosas por mejorar, pero afortunadamente tengo un gran equipo detr\u00e1s de m\u00ed que seguramente me ayudar\u00e1 a\u00a0\u00a0que los resultados importantes lleguen\u201d.<\/em><\/strong><\/p>\n<p style=\"font-weight: 400;\"><strong><em>\u00a0<\/em><\/strong><\/p>\n<p style=\"font-weight: 400;\"><strong><em>\u201cLa carrera para nada fue f\u00e1cil, el nivel sigue creciendo demasiado en el campeonato y cada piloto da su m\u00e1ximo en cada vuelta. Ahora solo me queda agradecer al equipo por esta fecha y comenzar a pensar en Puebla para llegar fortalecidos\u201d.<\/em><\/strong><\/p>\n<p style=\"font-weight: 400;\"><strong><em>\u00a0<\/em><\/strong><\/p>\n<p style=\"font-weight: 400;\">El siguiente reto para \u201cManol\u00edn\u201d Guti\u00e9rrez en\u00a0<strong>NASCAR PEAK M\u00e9xico Series,\u00a0<\/strong>llegar\u00e1 los pr\u00f3ximos 10 y 11 de julio con la visita del campeonato al\u00a0<strong>Miguel E. Abed<\/strong>, de Puebla, con la tercera ronda de la temporada 2021.<\/p>\n","protected":false},"excerpt":{"rendered":"<p>#informativoelvalledeaguascalientes #novaradioaguascalientes \u00a0 La segunda fecha de NASCAR PEAK M\u00e9xico Series\u00a0result\u00f3 un obst\u00e1culo dif\u00edcil para el piloto tamaulipeco, \u201cManol\u00edn\u201d Guti\u00e9rrez, quien el pasado fin de semana se enfrent\u00f3 al \u00f3valo del aut\u00f3dromo de Quer\u00e9taro, en su temporada de regreso a las pistas. \u00a0\u201cManol\u00edn\u201d Guti\u00e9rrez, tuvo su segundo compromiso del a\u00f1o a bordo del auto\u00a0#68 Grupo [&hellip;]<\/p>\n","protected":false},"author":1,"featured_media":20804,"comment_status":"closed","ping_status":"open","sticky":false,"template":"","format":"standard","meta":{"advanced_seo_description":"","jetpack_seo_html_title":"","jetpack_seo_noindex":false,"_jetpack_memberships_contains_paid_content":false,"footnotes":"","jetpack_publicize_message":"","jetpack_publicize_feature_enabled":true,"jetpack_social_post_already_shared":true,"jetpack_social_options":{"image_generator_settings":{"template":"highway","default_image_id":0,"font":"","enabled":false},"version":2}},"categories":[19],"tags":[232,483],"class_list":["post-20803","post","type-post","status-publish","format-standard","has-post-thumbnail","hentry","category-informacion-general","tag-informacion-general","tag-nascar-peak-mexico-series-2021"],"jetpack_publicize_connections":[],"jetpack_featured_media_url":"https:\/\/i0.wp.com\/informativoelvalledeaguascalientes.online\/wp-content\/uploads\/2021\/06\/Manoli%CC%81n-02.jpg?fit=2000%2C1333&ssl=1","jetpack-related-posts":[],"jetpack_sharing_enabled":true,"jetpack_likes_enabled":true,"_links":{"self":[{"href":"https:\/\/informativoelvalledeaguascalientes.online\/index.php?rest_route=\/wp\/v2\/posts\/20803","targetHints":{"allow":["GET"]}}],"collection":[{"href":"https:\/\/informativoelvalledeaguascalientes.online\/index.php?rest_route=\/wp\/v2\/posts"}],"about":[{"href":"https:\/\/informativoelvalledeaguascalientes.online\/index.php?rest_route=\/wp\/v2\/types\/post"}],"author":[{"embeddable":true,"href":"https:\/\/informativoelvalledeaguascalientes.online\/index.php?rest_route=\/wp\/v2\/users\/1"}],"replies":[{"embeddable":true,"href":"https:\/\/informativoelvalledeaguascalientes.online\/index.php?rest_route=%2Fwp%2Fv2%2Fcomments&post=20803"}],"version-history":[{"count":1,"href":"https:\/\/informativoelvalledeaguascalientes.online\/index.php?rest_route=\/wp\/v2\/posts\/20803\/revisions"}],"predecessor-version":[{"id":20805,"href":"https:\/\/informativoelvalledeaguascalientes.online\/index.php?rest_route=\/wp\/v2\/posts\/20803\/revisions\/20805"}],"wp:featuredmedia":[{"embeddable":true,"href":"https:\/\/informativoelvalledeaguascalientes.online\/index.php?rest_route=\/wp\/v2\/media\/20804"}],"wp:attachment":[{"href":"https:\/\/informativoelvalledeaguascalientes.online\/index.php?rest_route=%2Fwp%2Fv2%2Fmedia&parent=20803"}],"wp:term":[{"taxonomy":"category","embeddable":true,"href":"https:\/\/informativoelvalledeaguascalientes.online\/index.php?rest_route=%2Fwp%2Fv2%2Fcategories&post=20803"},{"taxonomy":"post_tag","embeddable":true,"href":"https:\/\/informativoelvalledeaguascalientes.online\/index.php?rest_route=%2Fwp%2Fv2%2Ftags&post=20803"}],"curies":[{"name":"wp","href":"https:\/\/api.w.org\/{rel}","templated":true}]}}