{"id":20796,"date":"2021-06-24T22:23:21","date_gmt":"2021-06-25T04:23:21","guid":{"rendered":"https:\/\/informativoelvalledeaguascalientes.online\/?p=20796"},"modified":"2021-06-24T22:23:21","modified_gmt":"2021-06-25T04:23:21","slug":"reconoce-secretario-de-salud-labor-de-los-paramedicos","status":"publish","type":"post","link":"https:\/\/informativoelvalledeaguascalientes.online\/?p=20796","title":{"rendered":"RECONOCE SECRETARIO DE SALUD LABOR DE LOS PARAM\u00c9DICOS"},"content":{"rendered":"<p dir=\"ltr\">#informativoelvalledeaguascalientes , #novaradioaguascalientes<\/p>\n<p>&nbsp;<\/p>\n<ul>\n<li dir=\"ltr\">\n<p dir=\"ltr\" role=\"presentation\">Piza Jim\u00e9nez destac\u00f3 la entrega de los param\u00e9dicos durante la pandemia mundial por el Covid-19; lament\u00f3 que algunos de ellos hayan perdido la vida<\/p>\n<\/li>\n<li dir=\"ltr\">\n<p dir=\"ltr\" role=\"presentation\">En Aguascalientes, el SEEM opera con 25 ambulancias y en \u00e9l colaboran 230 param\u00e9dicos, quienes mantienen una cobertura las 24 horas del d\u00eda los siete d\u00edas de la semana<\/p>\n<\/li>\n<\/ul>\n<p>&nbsp;<\/p>\n<p dir=\"ltr\">En el marco del D\u00eda Internacional del Param\u00e9dico, el secretario de Salud de Aguascalientes, Miguel \u00c1ngel Piza Jim\u00e9nez, reconoci\u00f3 la gran labor y enorme esfuerzo que realizan todos los d\u00edas estos profesionales de la salud, para salvar las vidas de las personas que atraviesan por momentos de angustia o que sufrieron alg\u00fan accidente.<\/p>\n<p>&nbsp;<\/p>\n<p dir=\"ltr\">Destac\u00f3 la entrega de los param\u00e9dicos durante la pandemia mundial por el Covid-19, pues fueron pieza fundamental en la atenci\u00f3n de emergencia que requer\u00edan los pacientes contagiados.<\/p>\n<p>&nbsp;<\/p>\n<p dir=\"ltr\">Piza Jim\u00e9nez lament\u00f3 que algunos de ellos se quedaran en el camino y perdieran la vida en su intento por salvar la de los dem\u00e1s; dijo que, sin lugar a dudas, son h\u00e9roes que carne y hueso, que ofrecen su ayuda de manera oportuna a la sociedad.<\/p>\n<p>&nbsp;<\/p>\n<p dir=\"ltr\">En Aguascalientes, el Sistema Estatal de Emergencias M\u00e9dicas (SEEM), opera con 25 ambulancias, de las cuales 10 son de urgencias b\u00e1sicas y cinco de urgencias avanzadas de alta tecnolog\u00eda, las cuales est\u00e1n distribuidas de forma estrat\u00e9gica en todos y cada uno de los municipios de la entidad.<\/p>\n<p>&nbsp;<\/p>\n<p dir=\"ltr\">En el SEEM colaboran 230 param\u00e9dicos, entre adscritos y comisionados, quienes mantienen una cobertura las 24 horas del d\u00eda los siete d\u00edas de la semana.<\/p>\n<p>&nbsp;<\/p>\n<p dir=\"ltr\">Entre los servicios que ofrece est\u00e1n las atenciones de urgencias a lesionados, enfermos s\u00fabitos o cr\u00f3nicos, as\u00ed como a urgencias en cualquier parte de Aguascalientes; de igual manera, realizan traslados programados interhospitalarios, tanto locales como for\u00e1neos, servicios de urgencias o traslados COVID en todo el estado con ambulancias modificadas, y coberturas en eventos masivos con unidades y personal pie tierra.<\/p>\n","protected":false},"excerpt":{"rendered":"<p>#informativoelvalledeaguascalientes , #novaradioaguascalientes &nbsp; Piza Jim\u00e9nez destac\u00f3 la entrega de los param\u00e9dicos durante la pandemia mundial por el Covid-19; lament\u00f3 que algunos de ellos hayan perdido la vida En Aguascalientes, el SEEM opera con 25 ambulancias y en \u00e9l colaboran 230 param\u00e9dicos, quienes mantienen una cobertura las 24 horas del d\u00eda los siete d\u00edas de [&hellip;]<\/p>\n","protected":false},"author":1,"featured_media":20797,"comment_status":"closed","ping_status":"open","sticky":false,"template":"","format":"standard","meta":{"advanced_seo_description":"","jetpack_seo_html_title":"","jetpack_seo_noindex":false,"_jetpack_memberships_contains_paid_content":false,"footnotes":"","jetpack_publicize_message":"","jetpack_publicize_feature_enabled":true,"jetpack_social_post_already_shared":true,"jetpack_social_options":{"image_generator_settings":{"template":"highway","default_image_id":0,"font":"","enabled":false},"version":2}},"categories":[21,4],"tags":[22,30],"class_list":["post-20796","post","type-post","status-publish","format-standard","has-post-thumbnail","hentry","category-aguascalientes","category-gobierno-del-estado-aguascalientes","tag-aguascalientes","tag-issea"],"jetpack_publicize_connections":[],"jetpack_featured_media_url":"https:\/\/i0.wp.com\/informativoelvalledeaguascalientes.online\/wp-content\/uploads\/2021\/06\/WhatsApp-Image-2021-06-24-at-12.00.04-PM-2.jpeg?fit=1024%2C634&ssl=1","jetpack-related-posts":[],"jetpack_sharing_enabled":true,"jetpack_likes_enabled":true,"_links":{"self":[{"href":"https:\/\/informativoelvalledeaguascalientes.online\/index.php?rest_route=\/wp\/v2\/posts\/20796","targetHints":{"allow":["GET"]}}],"collection":[{"href":"https:\/\/informativoelvalledeaguascalientes.online\/index.php?rest_route=\/wp\/v2\/posts"}],"about":[{"href":"https:\/\/informativoelvalledeaguascalientes.online\/index.php?rest_route=\/wp\/v2\/types\/post"}],"author":[{"embeddable":true,"href":"https:\/\/informativoelvalledeaguascalientes.online\/index.php?rest_route=\/wp\/v2\/users\/1"}],"replies":[{"embeddable":true,"href":"https:\/\/informativoelvalledeaguascalientes.online\/index.php?rest_route=%2Fwp%2Fv2%2Fcomments&post=20796"}],"version-history":[{"count":1,"href":"https:\/\/informativoelvalledeaguascalientes.online\/index.php?rest_route=\/wp\/v2\/posts\/20796\/revisions"}],"predecessor-version":[{"id":20798,"href":"https:\/\/informativoelvalledeaguascalientes.online\/index.php?rest_route=\/wp\/v2\/posts\/20796\/revisions\/20798"}],"wp:featuredmedia":[{"embeddable":true,"href":"https:\/\/informativoelvalledeaguascalientes.online\/index.php?rest_route=\/wp\/v2\/media\/20797"}],"wp:attachment":[{"href":"https:\/\/informativoelvalledeaguascalientes.online\/index.php?rest_route=%2Fwp%2Fv2%2Fmedia&parent=20796"}],"wp:term":[{"taxonomy":"category","embeddable":true,"href":"https:\/\/informativoelvalledeaguascalientes.online\/index.php?rest_route=%2Fwp%2Fv2%2Fcategories&post=20796"},{"taxonomy":"post_tag","embeddable":true,"href":"https:\/\/informativoelvalledeaguascalientes.online\/index.php?rest_route=%2Fwp%2Fv2%2Ftags&post=20796"}],"curies":[{"name":"wp","href":"https:\/\/api.w.org\/{rel}","templated":true}]}}