{"id":20793,"date":"2021-06-24T22:18:11","date_gmt":"2021-06-25T04:18:11","guid":{"rendered":"https:\/\/informativoelvalledeaguascalientes.online\/?p=20793"},"modified":"2021-06-24T22:18:11","modified_gmt":"2021-06-25T04:18:11","slug":"inicia-la-construccion-de-autoliv-en-aguascalientes-se-crearan-3-mil-empleos","status":"publish","type":"post","link":"https:\/\/informativoelvalledeaguascalientes.online\/?p=20793","title":{"rendered":"INICIA LA CONSTRUCCI\u00d3N DE AUTOLIV EN AGUASCALIENTES; SE CREAR\u00c1N 3 MIL EMPLEOS"},"content":{"rendered":"<p dir=\"ltr\">#informativoelvalledeaguascalientes , #novaradioaguascalientes<\/p>\n<ul>\n<li dir=\"ltr\">\n<p dir=\"ltr\" role=\"presentation\">En el Parque FINSA se inicia la consolidaci\u00f3n de la s\u00e9ptima planta en M\u00e9xico de la empresa de origen sueco-estadounidense<\/p>\n<\/li>\n<li dir=\"ltr\">\n<p dir=\"ltr\" role=\"presentation\">Se prev\u00e9 que inicie operaciones en enero de 2022, se producir\u00e1n volantes de alta tecnolog\u00eda<\/p>\n<\/li>\n<li dir=\"ltr\">\n<p dir=\"ltr\" role=\"presentation\">Del 2017 al 2020, Aguascalientes capt\u00f3 m\u00e1s de tres mil 948 millones de d\u00f3lares por concepto de Inversi\u00f3n Extranjera Directa, 37 por ciento m\u00e1s que la del sexenio anterior<\/p>\n<\/li>\n<\/ul>\n<p dir=\"ltr\">Aguascalientes se convierte en un puente hacia la consolidaci\u00f3n del liderazgo de Autoliv en los mercados m\u00e1s competitivos, se\u00f1al\u00f3 el gobernador, Mart\u00edn Orozco Sandoval, durante el arranque de la construcci\u00f3n de la nueva planta de esta empresa de origen sueco-estadounidense, l\u00edder mundial en sistemas de seguridad para la industria automotriz.<\/p>\n<p dir=\"ltr\">El mandatario estatal destac\u00f3 que adem\u00e1s de la derrama econ\u00f3mica para la entidad, esta nueva inversi\u00f3n generar\u00e1 tres mil nuevas fuentes de trabajo, tres mil nuevas puertas que se abren a una mejor calidad de vida, tres mil nuevos sue\u00f1os cumplidos en cada uno de los trabajadores y tres mil hogares aguascalentenses con posibilidades de bienestar.<\/p>\n<p dir=\"ltr\">Antes de plantar los primeros \u00e1rboles que simbolizan el inicio de la nueva obra, Orozco Sandoval expres\u00f3 que gracias al talento de las y los aguascalentenses, el estado ocupa el segundo lugar nacional en avance de la calidad y competencia del empleo formal, un resultado importante de las pol\u00edticas de reactivaci\u00f3n econ\u00f3mica impulsadas por el Gobierno del Estado durante la pandemia.<\/p>\n<p dir=\"ltr\">Resalt\u00f3 que en lo que va de su sexenio, la Inversi\u00f3n Extranjera Directa ha tenido los dos mejores momentos de los \u00faltimos 11 a\u00f1os, el primero en el 2017 con 138.10 millones de d\u00f3lares y el segundo en el primer trimestre del 2021, con 63.21 millones de d\u00f3lares.<\/p>\n<p dir=\"ltr\">El gobernador indic\u00f3 que del 2017 al 2020, Aguascalientes capt\u00f3 m\u00e1s de tres mil 948 millones de d\u00f3lares por concepto de Inversi\u00f3n Extranjera Directa, 37 por ciento m\u00e1s que la del sexenio anterior, por lo que la llegada de Autoliv har\u00e1n crecer a\u00fan m\u00e1s el binomio que tienen las empresas del sector automotor con el Parque FINSA.<\/p>\n<p dir=\"ltr\">Durante su intervenci\u00f3n, Kevin Fox, presidente de Autoliv Las Am\u00e9ricas, celebr\u00f3 el inicio de la construcci\u00f3n de la planta en Aguascalientes de 30 mil metros cuadrados y que ser\u00e1 la s\u00e9ptima en el pa\u00eds, con la que Autoliv avanza en su estrategia de brindar servicio regional a todos los clientes de volantes de alta tecnolog\u00eda en M\u00e9xico y Latinoam\u00e9rica. Adelant\u00f3 que la empresa iniciar\u00e1 operaciones en enero de 2022.<\/p>\n<p dir=\"ltr\">La compa\u00f1\u00eda Autoliv es el proveedor de seguridad automotriz para veh\u00edculos de gama alta, m\u00e1s grande del mundo, con presencia en 27 pa\u00edses y el dominio del 42% del mercado global; cada a\u00f1o, los productos de Autoliv salvan m\u00e1s de 30 mil vidas y previenen 10 veces m\u00e1s lesiones.<\/p>\n<p dir=\"ltr\">En el arranque de la obra tambi\u00e9n estuvieron presentes Sergio Arg\u00fcelles Gonz\u00e1lez, presidente y CEO de FINSA; Manuel Alejandro Gonz\u00e1lez Mart\u00ednez, secretario de Desarrollo Econ\u00f3mico del Estado; y Teresa Jim\u00e9nez Esquivel, presidenta municipal de Aguascalientes, adem\u00e1s de directivos de las empresas del Cluster Industrial de Aguascalientes.<\/p>\n","protected":false},"excerpt":{"rendered":"<p>#informativoelvalledeaguascalientes , #novaradioaguascalientes En el Parque FINSA se inicia la consolidaci\u00f3n de la s\u00e9ptima planta en M\u00e9xico de la empresa de origen sueco-estadounidense Se prev\u00e9 que inicie operaciones en enero de 2022, se producir\u00e1n volantes de alta tecnolog\u00eda Del 2017 al 2020, Aguascalientes capt\u00f3 m\u00e1s de tres mil 948 millones de d\u00f3lares por concepto de [&hellip;]<\/p>\n","protected":false},"author":1,"featured_media":20794,"comment_status":"closed","ping_status":"open","sticky":false,"template":"","format":"standard","meta":{"advanced_seo_description":"","jetpack_seo_html_title":"","jetpack_seo_noindex":false,"_jetpack_memberships_contains_paid_content":false,"footnotes":"","jetpack_publicize_message":"","jetpack_publicize_feature_enabled":true,"jetpack_social_post_already_shared":true,"jetpack_social_options":{"image_generator_settings":{"template":"highway","default_image_id":0,"font":"","enabled":false},"version":2}},"categories":[21,4],"tags":[22,31,104],"class_list":["post-20793","post","type-post","status-publish","format-standard","has-post-thumbnail","hentry","category-aguascalientes","category-gobierno-del-estado-aguascalientes","tag-aguascalientes","tag-mos","tag-sedec"],"jetpack_publicize_connections":[],"jetpack_featured_media_url":"https:\/\/i0.wp.com\/informativoelvalledeaguascalientes.online\/wp-content\/uploads\/2021\/06\/WhatsApp-Image-2021-06-24-at-14.04.39-2.jpeg?fit=1280%2C853&ssl=1","jetpack-related-posts":[],"jetpack_sharing_enabled":true,"jetpack_likes_enabled":true,"_links":{"self":[{"href":"https:\/\/informativoelvalledeaguascalientes.online\/index.php?rest_route=\/wp\/v2\/posts\/20793","targetHints":{"allow":["GET"]}}],"collection":[{"href":"https:\/\/informativoelvalledeaguascalientes.online\/index.php?rest_route=\/wp\/v2\/posts"}],"about":[{"href":"https:\/\/informativoelvalledeaguascalientes.online\/index.php?rest_route=\/wp\/v2\/types\/post"}],"author":[{"embeddable":true,"href":"https:\/\/informativoelvalledeaguascalientes.online\/index.php?rest_route=\/wp\/v2\/users\/1"}],"replies":[{"embeddable":true,"href":"https:\/\/informativoelvalledeaguascalientes.online\/index.php?rest_route=%2Fwp%2Fv2%2Fcomments&post=20793"}],"version-history":[{"count":1,"href":"https:\/\/informativoelvalledeaguascalientes.online\/index.php?rest_route=\/wp\/v2\/posts\/20793\/revisions"}],"predecessor-version":[{"id":20795,"href":"https:\/\/informativoelvalledeaguascalientes.online\/index.php?rest_route=\/wp\/v2\/posts\/20793\/revisions\/20795"}],"wp:featuredmedia":[{"embeddable":true,"href":"https:\/\/informativoelvalledeaguascalientes.online\/index.php?rest_route=\/wp\/v2\/media\/20794"}],"wp:attachment":[{"href":"https:\/\/informativoelvalledeaguascalientes.online\/index.php?rest_route=%2Fwp%2Fv2%2Fmedia&parent=20793"}],"wp:term":[{"taxonomy":"category","embeddable":true,"href":"https:\/\/informativoelvalledeaguascalientes.online\/index.php?rest_route=%2Fwp%2Fv2%2Fcategories&post=20793"},{"taxonomy":"post_tag","embeddable":true,"href":"https:\/\/informativoelvalledeaguascalientes.online\/index.php?rest_route=%2Fwp%2Fv2%2Ftags&post=20793"}],"curies":[{"name":"wp","href":"https:\/\/api.w.org\/{rel}","templated":true}]}}