{"id":20787,"date":"2021-06-24T22:09:55","date_gmt":"2021-06-25T04:09:55","guid":{"rendered":"https:\/\/informativoelvalledeaguascalientes.online\/?p=20787"},"modified":"2021-06-24T22:09:55","modified_gmt":"2021-06-25T04:09:55","slug":"refuerza-la-utna-prevencion-de-violencia-de-genero-con-cinedebate","status":"publish","type":"post","link":"https:\/\/informativoelvalledeaguascalientes.online\/?p=20787","title":{"rendered":"REFUERZA LA UTNA PREVENCI\u00d3N DE VIOLENCIA DE G\u00c9NERO CON \u201cCINEDEBATE\u201d\u00a0"},"content":{"rendered":"<p>#informativoelvalledeaguascalientes , #novaradioaguascalientes<\/p>\n<p>&nbsp;<\/p>\n<ul>\n<li dir=\"ltr\">\n<p dir=\"ltr\" role=\"presentation\">Se busca la participaci\u00f3n de alumnas, alumnos y docentes en estas actividades impartidas por el IAM<\/p>\n<\/li>\n<li dir=\"ltr\">\n<p dir=\"ltr\" role=\"presentation\">A trav\u00e9s de cortometrajes y reflexi\u00f3n grupal se sensibiliza a los asistentes en temas como la trata de personas<\/p>\n<\/li>\n<\/ul>\n<p>&nbsp;<\/p>\n<p dir=\"ltr\">Con el objetivo de identificar los principales factores de violencia contra la mujer en la sociedad, as\u00ed como concientizar y prevenir esta problem\u00e1tica, la Universidad Tecnol\u00f3gica del Norte de Aguascalientes (UTNA) se une al ciclo de conferencias \u201cCinedebate en tu escuela\u201d, organizado por el Instituto Aguascalentense de las Mujeres (IAM).<\/p>\n<p>&nbsp;<\/p>\n<p dir=\"ltr\">Al respecto, la rectora de la UTNA, Mar\u00eda Ang\u00e9lica Mart\u00ednez D\u00edaz, destac\u00f3 que la instituci\u00f3n cuenta desde 2019 con la Unidad de Igualdad, la cual trabaja en conjunto con el IAM realizando las acciones necesarias para prevenir la violencia de g\u00e9nero. Asimismo, asegur\u00f3 que este ciclo de conferencias refuerzan el mensaje de sensibilizaci\u00f3n y la formaci\u00f3n integral de la comunidad universitaria.<\/p>\n<p>&nbsp;<\/p>\n<p dir=\"ltr\">Explic\u00f3 que el evento dirigido a alumnas, alumnos y docentes consiste en ver cortometrajes y, posteriormente, reflexionar de manera grupal sobre temas como la trata de personas, c\u00f3mo identificarla y c\u00f3mo prevenirla desde un enfoque de derechos humanos, juventudes y perspectiva de g\u00e9nero.<\/p>\n<p>&nbsp;<\/p>\n<p dir=\"ltr\">Finalmente, la rectora inform\u00f3 que este ciclo de conferencias tiene una duraci\u00f3n de dos horas y durante la sesi\u00f3n se proyectan y analizan siete cortometrajes; el \u201cCinedebate en tu escuela\u201d continuar\u00e1n realiz\u00e1ndose durante los siguientes meses del a\u00f1o.<\/p>\n<div class=\"yj6qo\"><\/div>\n<div class=\"adL\"><\/div>\n","protected":false},"excerpt":{"rendered":"<p>#informativoelvalledeaguascalientes , #novaradioaguascalientes &nbsp; Se busca la participaci\u00f3n de alumnas, alumnos y docentes en estas actividades impartidas por el IAM A trav\u00e9s de cortometrajes y reflexi\u00f3n grupal se sensibiliza a los asistentes en temas como la trata de personas &nbsp; Con el objetivo de identificar los principales factores de violencia contra la mujer en la [&hellip;]<\/p>\n","protected":false},"author":1,"featured_media":20788,"comment_status":"closed","ping_status":"open","sticky":false,"template":"","format":"standard","meta":{"advanced_seo_description":"","jetpack_seo_html_title":"","jetpack_seo_noindex":false,"_jetpack_memberships_contains_paid_content":false,"footnotes":"","jetpack_publicize_message":"","jetpack_publicize_feature_enabled":true,"jetpack_social_post_already_shared":true,"jetpack_social_options":{"image_generator_settings":{"template":"highway","default_image_id":0,"font":"","enabled":false},"version":2}},"categories":[21,4],"tags":[22,57,48],"class_list":["post-20787","post","type-post","status-publish","format-standard","has-post-thumbnail","hentry","category-aguascalientes","category-gobierno-del-estado-aguascalientes","tag-aguascalientes","tag-iam","tag-utna"],"jetpack_publicize_connections":[],"jetpack_featured_media_url":"https:\/\/i0.wp.com\/informativoelvalledeaguascalientes.online\/wp-content\/uploads\/2021\/06\/IMG_0007-1-scaled.jpg?fit=2560%2C1707&ssl=1","jetpack-related-posts":[],"jetpack_sharing_enabled":true,"jetpack_likes_enabled":true,"_links":{"self":[{"href":"https:\/\/informativoelvalledeaguascalientes.online\/index.php?rest_route=\/wp\/v2\/posts\/20787","targetHints":{"allow":["GET"]}}],"collection":[{"href":"https:\/\/informativoelvalledeaguascalientes.online\/index.php?rest_route=\/wp\/v2\/posts"}],"about":[{"href":"https:\/\/informativoelvalledeaguascalientes.online\/index.php?rest_route=\/wp\/v2\/types\/post"}],"author":[{"embeddable":true,"href":"https:\/\/informativoelvalledeaguascalientes.online\/index.php?rest_route=\/wp\/v2\/users\/1"}],"replies":[{"embeddable":true,"href":"https:\/\/informativoelvalledeaguascalientes.online\/index.php?rest_route=%2Fwp%2Fv2%2Fcomments&post=20787"}],"version-history":[{"count":1,"href":"https:\/\/informativoelvalledeaguascalientes.online\/index.php?rest_route=\/wp\/v2\/posts\/20787\/revisions"}],"predecessor-version":[{"id":20789,"href":"https:\/\/informativoelvalledeaguascalientes.online\/index.php?rest_route=\/wp\/v2\/posts\/20787\/revisions\/20789"}],"wp:featuredmedia":[{"embeddable":true,"href":"https:\/\/informativoelvalledeaguascalientes.online\/index.php?rest_route=\/wp\/v2\/media\/20788"}],"wp:attachment":[{"href":"https:\/\/informativoelvalledeaguascalientes.online\/index.php?rest_route=%2Fwp%2Fv2%2Fmedia&parent=20787"}],"wp:term":[{"taxonomy":"category","embeddable":true,"href":"https:\/\/informativoelvalledeaguascalientes.online\/index.php?rest_route=%2Fwp%2Fv2%2Fcategories&post=20787"},{"taxonomy":"post_tag","embeddable":true,"href":"https:\/\/informativoelvalledeaguascalientes.online\/index.php?rest_route=%2Fwp%2Fv2%2Ftags&post=20787"}],"curies":[{"name":"wp","href":"https:\/\/api.w.org\/{rel}","templated":true}]}}