{"id":20738,"date":"2021-06-23T19:13:04","date_gmt":"2021-06-24T01:13:04","guid":{"rendered":"https:\/\/informativoelvalledeaguascalientes.online\/?p=20738"},"modified":"2021-06-23T19:13:04","modified_gmt":"2021-06-24T01:13:04","slug":"jose-arellano-y-el-chevron-havoline-racing-team-por-el-triunfo-a-s-l-p-en-la-copa-mercedes-benz","status":"publish","type":"post","link":"https:\/\/informativoelvalledeaguascalientes.online\/?p=20738","title":{"rendered":"Jos\u00e9 Arellano y el Chevron Havoline Racing Team, por el triunfo a S.L.P. en la Copa Mercedes-Benz"},"content":{"rendered":"<p style=\"font-weight: 400;\">#informativoelvalledeaguascalientes #novaradioaguascalientes<\/p>\n<p style=\"font-weight: 400;\"><strong>\u00a0<\/strong><\/p>\n<p style=\"font-weight: 400;\">La espera llega a su fin los pr\u00f3ximos 26 y 27 de junio para Jos\u00e9 Arellano en la<strong>\u00a0Copa Mercedes<\/strong>, llegando a San Luis Potos\u00ed junto al\u00a0<strong>Chevron Havoline Racing Team \u2013 Big Auto Los Grandes en Refacciones<\/strong>, enfrentando la tercera fecha doble de la Copa Mercedes-Benz en el aut\u00f3dromo del Parque Tangamanga II en la capital de aquel estado.<\/p>\n<p style=\"font-weight: 400;\">\n<p style=\"font-weight: 400;\">Con un total de 348 unidades, Jos\u00e9 Arellano se encuentra en el segundo sitio de la categor\u00eda Pro2 con el auto #29<strong>\u00a0Chevron Havoline \u2013 Big Auto Los Grandes en Refacciones<\/strong>, buena cosecha en la\u00a0<strong>Copa Mercedes-Benz<\/strong>, que lo siguen poniendo como uno de los favoritos al t\u00edtulo, en este momento a 24 unidades del actual l\u00edder.<\/p>\n<p style=\"font-weight: 400;\">\n<p style=\"font-weight: 400;\"><strong><em>\u201cVamos por un buen camino, han sido dos fechas en las que se ha aprendido y crecido demasiado, probando diferentes puntos, aprovechando los productos de Chevron Havoline para buscar un mejor rendimiento del auto y creo que se ha conseguido. Ahora tocar\u00e1 ir por el triunfo para sumar, para poder mantenernos en la pelea por el campeonato\u201d<\/em><\/strong>, expres\u00f3 Arellano.<\/p>\n<p style=\"font-weight: 400;\">\n<p style=\"font-weight: 400;\">En esta ocasi\u00f3n, la afici\u00f3n podr\u00e1 estar presente en la tribuna con un aforo limitado y diversas medidas dictadas por las autoridades locales. Esto motiva al zacatecano que podr\u00e1 contar con el apoyo de la gente, resultando en un motivante extra para este compromiso.<\/p>\n<p style=\"font-weight: 400;\">\n<p style=\"font-weight: 400;\"><strong><em>\u201cPoco a poco se ha abierto el acceso a la afici\u00f3n en algunas carreras, eso para nosotros es algo muy bueno, quiere decir que se va a avanzando y siempre ser\u00e1 sumamente motivante el ver a la gente apoyando en las tribunas. Espero sea un gran fin de semana para nosotros y para todos los que asistan\u201d<\/em><\/strong>, finaliz\u00f3 el piloto.<\/p>\n<p style=\"font-weight: 400;\"><strong><em>\u00a0<\/em><\/strong><\/p>\n<p style=\"font-weight: 400;\">26 y 27 de junio, llega Jos\u00e9 Arellano en la tercera ronda de la\u00a0<strong>Copa Mercedes-Benz<\/strong>, de la mano del\u00a0<strong>Chevron Havoline Racing Team \u2013 Big Auto Los Grandes en Refacciones<\/strong>, a San Luis Potos\u00ed, comenzando las competencias el d\u00eda domingo en punto de las 12:45 pm., como parte del festival de la\u00a0<strong>S\u00faper Copa\u00a0<\/strong>en el Aut\u00f3dromo Tangamanga II<strong>.<\/strong><\/p>\n","protected":false},"excerpt":{"rendered":"<p>#informativoelvalledeaguascalientes #novaradioaguascalientes \u00a0 La espera llega a su fin los pr\u00f3ximos 26 y 27 de junio para Jos\u00e9 Arellano en la\u00a0Copa Mercedes, llegando a San Luis Potos\u00ed junto al\u00a0Chevron Havoline Racing Team \u2013 Big Auto Los Grandes en Refacciones, enfrentando la tercera fecha doble de la Copa Mercedes-Benz en el aut\u00f3dromo del Parque Tangamanga II [&hellip;]<\/p>\n","protected":false},"author":1,"featured_media":20739,"comment_status":"closed","ping_status":"open","sticky":false,"template":"","format":"standard","meta":{"advanced_seo_description":"","jetpack_seo_html_title":"","jetpack_seo_noindex":false,"_jetpack_memberships_contains_paid_content":false,"footnotes":"","jetpack_publicize_message":"","jetpack_publicize_feature_enabled":true,"jetpack_social_post_already_shared":true,"jetpack_social_options":{"image_generator_settings":{"template":"highway","default_image_id":0,"font":"","enabled":false},"version":2}},"categories":[19],"tags":[396,232],"class_list":["post-20738","post","type-post","status-publish","format-standard","has-post-thumbnail","hentry","category-informacion-general","tag-copa-mercedes-benz","tag-informacion-general"],"jetpack_publicize_connections":[],"jetpack_featured_media_url":"https:\/\/i0.wp.com\/informativoelvalledeaguascalientes.online\/wp-content\/uploads\/2021\/06\/copa-mercedes_23062021.jpg?fit=852%2C568&ssl=1","jetpack-related-posts":[],"jetpack_sharing_enabled":true,"jetpack_likes_enabled":true,"_links":{"self":[{"href":"https:\/\/informativoelvalledeaguascalientes.online\/index.php?rest_route=\/wp\/v2\/posts\/20738","targetHints":{"allow":["GET"]}}],"collection":[{"href":"https:\/\/informativoelvalledeaguascalientes.online\/index.php?rest_route=\/wp\/v2\/posts"}],"about":[{"href":"https:\/\/informativoelvalledeaguascalientes.online\/index.php?rest_route=\/wp\/v2\/types\/post"}],"author":[{"embeddable":true,"href":"https:\/\/informativoelvalledeaguascalientes.online\/index.php?rest_route=\/wp\/v2\/users\/1"}],"replies":[{"embeddable":true,"href":"https:\/\/informativoelvalledeaguascalientes.online\/index.php?rest_route=%2Fwp%2Fv2%2Fcomments&post=20738"}],"version-history":[{"count":1,"href":"https:\/\/informativoelvalledeaguascalientes.online\/index.php?rest_route=\/wp\/v2\/posts\/20738\/revisions"}],"predecessor-version":[{"id":20740,"href":"https:\/\/informativoelvalledeaguascalientes.online\/index.php?rest_route=\/wp\/v2\/posts\/20738\/revisions\/20740"}],"wp:featuredmedia":[{"embeddable":true,"href":"https:\/\/informativoelvalledeaguascalientes.online\/index.php?rest_route=\/wp\/v2\/media\/20739"}],"wp:attachment":[{"href":"https:\/\/informativoelvalledeaguascalientes.online\/index.php?rest_route=%2Fwp%2Fv2%2Fmedia&parent=20738"}],"wp:term":[{"taxonomy":"category","embeddable":true,"href":"https:\/\/informativoelvalledeaguascalientes.online\/index.php?rest_route=%2Fwp%2Fv2%2Fcategories&post=20738"},{"taxonomy":"post_tag","embeddable":true,"href":"https:\/\/informativoelvalledeaguascalientes.online\/index.php?rest_route=%2Fwp%2Fv2%2Ftags&post=20738"}],"curies":[{"name":"wp","href":"https:\/\/api.w.org\/{rel}","templated":true}]}}