{"id":204,"date":"2019-11-25T16:16:06","date_gmt":"2019-11-25T22:16:06","guid":{"rendered":"http:\/\/informativoelvalledeaguascalientes.online\/?p=204"},"modified":"2019-11-25T16:16:06","modified_gmt":"2019-11-25T22:16:06","slug":"martha-marquez-impulsa-iniciativas-para-erradicar-violencia-de-genero","status":"publish","type":"post","link":"https:\/\/informativoelvalledeaguascalientes.online\/?p=204","title":{"rendered":"MARTHA M\u00c1RQUEZ IMPULSA INICIATIVAS PARA ERRADICAR VIOLENCIA DE G\u00c9NERO"},"content":{"rendered":"<p><b><i>\u00b7 Una de las iniciativas busca incluir el t\u00e9rmino de violencia pol\u00edtica como una forma de agresi\u00f3n contra las mujeres.<\/i><\/b><\/p>\n<p><b><i>\u00b7 Necesario redoblar esfuerzos para impulsar acciones que contribuyan al fomento de valores y respeto para todas y todos.<\/i><\/b><\/p>\n<p>En el marco del D\u00eda Internacional de la Eliminaci\u00f3n de la Violencia contra la Mujer, la Senadora Martha M\u00e1rquez Alvarado sostuvo una reuni\u00f3n con mujeres de Asociaciones Civiles, as\u00ed como del Instituto Aguascalentense de las Mujeres, con quienes comparti\u00f3 las iniciativas que ha presentado para prevenir y erradicar la violencia de g\u00e9nero.<\/p>\n<p>\u201cDesde el Senado he rechazado todo acto de violencia de g\u00e9nero en Instituciones P\u00fablicas, es por ello que present\u00e9 una iniciativa que busca abatir la violencia pol\u00edtica, incluyendo este t\u00e9rmino dentro de la Ley General de Acceso a las mujeres a una Vida Libre de Violencia como una modalidad de agresi\u00f3n\u201d apunt\u00f3.<\/p>\n<p>Asimismo, M\u00e1rquez Alvarado indic\u00f3 que la situaci\u00f3n para las mujeres en M\u00e9xico es alarmante, ya que seg\u00fan la Organizaci\u00f3n de las Naciones Unidas (ONU), nueve\u00a0\u00a0mujeres son asesinadas al d\u00eda. Adem\u00e1s, recalc\u00f3 que seg\u00fan la \u00faltima Encuesta Nacional de Victimizaci\u00f3n y Percepci\u00f3n sobre Seguridad P\u00fablica, la sensaci\u00f3n de inseguridad increment\u00f3 de 74% al 82% en los \u00faltimos cinco a\u00f1os.<\/p>\n<p>Ante esto, la legisladora federal present\u00f3 una iniciativa que busca incluir una Comisi\u00f3n de G\u00e9nero en las instituciones educativas con el objetivo de dar seguimiento puntual a los casos de violencia de g\u00e9nero en los planteles, pues muchos de los casos de agresiones contra las mujeres se dan ah\u00ed.<\/p>\n<p>Por \u00faltimo la legisladora federal hizo un llamado a alzar la voz y a sumar esfuerzos para concientizar sobre esta problem\u00e1tica, as\u00ed como a sumar esfuerzos e impulsar acciones que contribuyan a un trato igualitario para erradicar toda forma de violencia contra las mujeres.<\/p>\n","protected":false},"excerpt":{"rendered":"<p>\u00b7 Una de las iniciativas busca incluir el t\u00e9rmino de violencia pol\u00edtica como una forma de agresi\u00f3n contra las mujeres. \u00b7 Necesario redoblar esfuerzos para impulsar acciones que contribuyan al fomento de valores y respeto para todas y todos. En el marco del D\u00eda Internacional de la Eliminaci\u00f3n de la Violencia contra la Mujer, la [&hellip;]<\/p>\n","protected":false},"author":1,"featured_media":205,"comment_status":"open","ping_status":"open","sticky":false,"template":"","format":"standard","meta":{"advanced_seo_description":"","jetpack_seo_html_title":"","jetpack_seo_noindex":false,"_jetpack_memberships_contains_paid_content":false,"footnotes":"","jetpack_publicize_message":"","jetpack_publicize_feature_enabled":true,"jetpack_social_post_already_shared":false,"jetpack_social_options":{"image_generator_settings":{"template":"highway","default_image_id":0,"font":"","enabled":false},"version":2}},"categories":[21,19,7,6],"tags":[22,41,23],"class_list":["post-204","post","type-post","status-publish","format-standard","has-post-thumbnail","hentry","category-aguascalientes","category-informacion-general","category-pan-aguascalientes","category-partidos-politicos","tag-aguascalientes","tag-martha-marquez","tag-pan-aguascalientes"],"jetpack_publicize_connections":[],"jetpack_featured_media_url":"https:\/\/i0.wp.com\/informativoelvalledeaguascalientes.online\/wp-content\/uploads\/2019\/11\/mm_25112019.jpg?fit=873%2C582&ssl=1","jetpack-related-posts":[],"jetpack_sharing_enabled":true,"jetpack_likes_enabled":true,"_links":{"self":[{"href":"https:\/\/informativoelvalledeaguascalientes.online\/index.php?rest_route=\/wp\/v2\/posts\/204","targetHints":{"allow":["GET"]}}],"collection":[{"href":"https:\/\/informativoelvalledeaguascalientes.online\/index.php?rest_route=\/wp\/v2\/posts"}],"about":[{"href":"https:\/\/informativoelvalledeaguascalientes.online\/index.php?rest_route=\/wp\/v2\/types\/post"}],"author":[{"embeddable":true,"href":"https:\/\/informativoelvalledeaguascalientes.online\/index.php?rest_route=\/wp\/v2\/users\/1"}],"replies":[{"embeddable":true,"href":"https:\/\/informativoelvalledeaguascalientes.online\/index.php?rest_route=%2Fwp%2Fv2%2Fcomments&post=204"}],"version-history":[{"count":1,"href":"https:\/\/informativoelvalledeaguascalientes.online\/index.php?rest_route=\/wp\/v2\/posts\/204\/revisions"}],"predecessor-version":[{"id":206,"href":"https:\/\/informativoelvalledeaguascalientes.online\/index.php?rest_route=\/wp\/v2\/posts\/204\/revisions\/206"}],"wp:featuredmedia":[{"embeddable":true,"href":"https:\/\/informativoelvalledeaguascalientes.online\/index.php?rest_route=\/wp\/v2\/media\/205"}],"wp:attachment":[{"href":"https:\/\/informativoelvalledeaguascalientes.online\/index.php?rest_route=%2Fwp%2Fv2%2Fmedia&parent=204"}],"wp:term":[{"taxonomy":"category","embeddable":true,"href":"https:\/\/informativoelvalledeaguascalientes.online\/index.php?rest_route=%2Fwp%2Fv2%2Fcategories&post=204"},{"taxonomy":"post_tag","embeddable":true,"href":"https:\/\/informativoelvalledeaguascalientes.online\/index.php?rest_route=%2Fwp%2Fv2%2Ftags&post=204"}],"curies":[{"name":"wp","href":"https:\/\/api.w.org\/{rel}","templated":true}]}}