{"id":20366,"date":"2021-06-10T20:19:52","date_gmt":"2021-06-11T02:19:52","guid":{"rendered":"https:\/\/informativoelvalledeaguascalientes.online\/?p=20366"},"modified":"2021-06-10T20:19:52","modified_gmt":"2021-06-11T02:19:52","slug":"gobernador-martin-orozco-anuncia-cambios-en-su-equipo-de-trabajo","status":"publish","type":"post","link":"https:\/\/informativoelvalledeaguascalientes.online\/?p=20366","title":{"rendered":"GOBERNADOR MART\u00cdN OROZCO ANUNCIA CAMBIOS EN SU EQUIPO DE TRABAJO"},"content":{"rendered":"<p dir=\"ltr\"><img data-recalc-dims=\"1\" loading=\"lazy\" decoding=\"async\" class=\"alignnone size-medium wp-image-20367\" src=\"https:\/\/i0.wp.com\/informativoelvalledeaguascalientes.online\/wp-content\/uploads\/2021\/06\/jorge-lopez-300x300.jpeg?resize=300%2C300\" alt=\"\" width=\"300\" height=\"300\" srcset=\"https:\/\/i0.wp.com\/informativoelvalledeaguascalientes.online\/wp-content\/uploads\/2021\/06\/jorge-lopez.jpeg?resize=300%2C300&amp;ssl=1 300w, https:\/\/i0.wp.com\/informativoelvalledeaguascalientes.online\/wp-content\/uploads\/2021\/06\/jorge-lopez.jpeg?resize=150%2C150&amp;ssl=1 150w, https:\/\/i0.wp.com\/informativoelvalledeaguascalientes.online\/wp-content\/uploads\/2021\/06\/jorge-lopez.jpeg?resize=768%2C769&amp;ssl=1 768w, https:\/\/i0.wp.com\/informativoelvalledeaguascalientes.online\/wp-content\/uploads\/2021\/06\/jorge-lopez.jpeg?w=958&amp;ssl=1 958w\" sizes=\"auto, (max-width: 300px) 100vw, 300px\" \/> <img data-recalc-dims=\"1\" loading=\"lazy\" decoding=\"async\" class=\"alignnone size-medium wp-image-20368\" src=\"https:\/\/i0.wp.com\/informativoelvalledeaguascalientes.online\/wp-content\/uploads\/2021\/06\/manuel-appendini-300x300.jpeg?resize=300%2C300\" alt=\"\" width=\"300\" height=\"300\" srcset=\"https:\/\/i0.wp.com\/informativoelvalledeaguascalientes.online\/wp-content\/uploads\/2021\/06\/manuel-appendini.jpeg?resize=300%2C300&amp;ssl=1 300w, https:\/\/i0.wp.com\/informativoelvalledeaguascalientes.online\/wp-content\/uploads\/2021\/06\/manuel-appendini.jpeg?resize=150%2C150&amp;ssl=1 150w, https:\/\/i0.wp.com\/informativoelvalledeaguascalientes.online\/wp-content\/uploads\/2021\/06\/manuel-appendini.jpeg?w=595&amp;ssl=1 595w\" sizes=\"auto, (max-width: 300px) 100vw, 300px\" \/><\/p>\n<p dir=\"ltr\">\u00a0 \u00a0 \u00a0 \u00a0 \u00a0 \u00a0 \u00a0 Jorge L\u00f3pez Mart\u00edn\u00a0 \u00a0 \u00a0 \u00a0 \u00a0 \u00a0 \u00a0 \u00a0 \u00a0 \u00a0 \u00a0 \u00a0 \u00a0 \u00a0 \u00a0 \u00a0 \u00a0 \u00a0 \u00a0 \u00a0 \u00a0 \u00a0 Manuel Appendini<\/p>\n<p dir=\"ltr\">\n<p dir=\"ltr\">#informativoelvalledeaguascalientes #novaradioaguascalientes<\/p>\n<p dir=\"ltr\">\n<ul>\n<li dir=\"ltr\">\n<p dir=\"ltr\">Jorge L\u00f3pez Mart\u00edn ser\u00e1 el encargado de organizar la FNSM 2022, as\u00ed como de consolidar la reactivaci\u00f3n tur\u00edstica<\/p>\n<\/li>\n<li dir=\"ltr\">\n<p dir=\"ltr\">Manuel Appendini Carrera retomar\u00e1 la coordinaci\u00f3n de Comunicaci\u00f3n Social con el objetivo de difundir los logros del Gobierno Estatal<\/p>\n<\/li>\n<li dir=\"ltr\">\n<p dir=\"ltr\">Gobernador Mart\u00edn Orozco agradeci\u00f3 el trabajo realizado por Marco Aurelio Hern\u00e1ndez P\u00e9rez al frente de la SECTUR<\/p>\n<\/li>\n<\/ul>\n<p dir=\"ltr\">\n<p dir=\"ltr\">De cara al \u00faltimo tramo de su gesti\u00f3n como gobernador constitucional de Aguascalientes, Mart\u00edn Orozco Sandoval anunci\u00f3 nuevos cambios en su gabinete en las \u00e1reas de Turismo y Comunicaci\u00f3n Social, con la finalidad de concretar objetivos espec\u00edficos del Gobierno Estatal en favor de las familias de la entidad.<\/p>\n<p dir=\"ltr\">\n<p dir=\"ltr\">El mandatario estatal inform\u00f3 que Jorge L\u00f3pez Mart\u00edn tendr\u00e1 la encomienda de organizar la \u00faltima edici\u00f3n de la Feria Nacional de San Marcos de su sexenio, la cual deber\u00e1 cumplir con las expectativas de los millones de turistas y visitantes que no pudieron darse cita al estado por dos a\u00f1os consecutivos debido a su cancelaci\u00f3n por la pandemia. .<\/p>\n<p dir=\"ltr\">\n<p dir=\"ltr\">Asimismo, se\u00f1al\u00f3 que L\u00f3pez Mart\u00edn continuar\u00e1 con las acciones de reactivaci\u00f3n tur\u00edstica sobre todo este 2021, con eventos como La Ruta del Vino y algunas actividades del Festival de Calaveras.<\/p>\n<p dir=\"ltr\">\n<p dir=\"ltr\">Por otra parte, mencion\u00f3 que Manuel Appendini Carrera retomar\u00e1 el liderazgo de la coordinaci\u00f3n general de Comunicaci\u00f3n Social para difundir todos los logros y compromisos cumplidos durante su administraci\u00f3n.<\/p>\n<p dir=\"ltr\">\n<p dir=\"ltr\">En este sentido, inst\u00f3 al encargado de la Comunicaci\u00f3n Social a acercar toda la informaci\u00f3n que necesitan conocer los ciudadanos de una manera afectiva; as\u00ed como dar mayor promoci\u00f3n a los programas de materia econ\u00f3mica, cultural, social y educativa.<\/p>\n<p dir=\"ltr\">\n<p dir=\"ltr\">Finalmente, el gobernador Mart\u00edn Orozco agradeci\u00f3 a Marco Aurelio Hern\u00e1ndez P\u00e9rez el trabajo realizado al frente de la SECTUR durante los \u00faltimos meses de este a\u00f1o.<\/p>\n","protected":false},"excerpt":{"rendered":"<p>\u00a0 \u00a0 \u00a0 \u00a0 \u00a0 \u00a0 \u00a0 Jorge L\u00f3pez Mart\u00edn\u00a0 \u00a0 \u00a0 \u00a0 \u00a0 \u00a0 \u00a0 \u00a0 \u00a0 \u00a0 \u00a0 \u00a0 \u00a0 \u00a0 \u00a0 \u00a0 \u00a0 \u00a0 \u00a0 \u00a0 \u00a0 \u00a0 Manuel Appendini #informativoelvalledeaguascalientes #novaradioaguascalientes Jorge L\u00f3pez Mart\u00edn ser\u00e1 el encargado de organizar la FNSM 2022, as\u00ed como de consolidar la reactivaci\u00f3n tur\u00edstica Manuel Appendini [&hellip;]<\/p>\n","protected":false},"author":1,"featured_media":20368,"comment_status":"closed","ping_status":"open","sticky":false,"template":"","format":"standard","meta":{"advanced_seo_description":"","jetpack_seo_html_title":"","jetpack_seo_noindex":false,"_jetpack_memberships_contains_paid_content":false,"footnotes":"","jetpack_publicize_message":"","jetpack_publicize_feature_enabled":true,"jetpack_social_post_already_shared":true,"jetpack_social_options":{"image_generator_settings":{"template":"highway","default_image_id":0,"font":"","enabled":false},"version":2}},"categories":[21,4],"tags":[22,31],"class_list":["post-20366","post","type-post","status-publish","format-standard","has-post-thumbnail","hentry","category-aguascalientes","category-gobierno-del-estado-aguascalientes","tag-aguascalientes","tag-mos"],"jetpack_publicize_connections":[],"jetpack_featured_media_url":"https:\/\/i0.wp.com\/informativoelvalledeaguascalientes.online\/wp-content\/uploads\/2021\/06\/manuel-appendini.jpeg?fit=595%2C595&ssl=1","jetpack-related-posts":[],"jetpack_sharing_enabled":true,"jetpack_likes_enabled":true,"_links":{"self":[{"href":"https:\/\/informativoelvalledeaguascalientes.online\/index.php?rest_route=\/wp\/v2\/posts\/20366","targetHints":{"allow":["GET"]}}],"collection":[{"href":"https:\/\/informativoelvalledeaguascalientes.online\/index.php?rest_route=\/wp\/v2\/posts"}],"about":[{"href":"https:\/\/informativoelvalledeaguascalientes.online\/index.php?rest_route=\/wp\/v2\/types\/post"}],"author":[{"embeddable":true,"href":"https:\/\/informativoelvalledeaguascalientes.online\/index.php?rest_route=\/wp\/v2\/users\/1"}],"replies":[{"embeddable":true,"href":"https:\/\/informativoelvalledeaguascalientes.online\/index.php?rest_route=%2Fwp%2Fv2%2Fcomments&post=20366"}],"version-history":[{"count":1,"href":"https:\/\/informativoelvalledeaguascalientes.online\/index.php?rest_route=\/wp\/v2\/posts\/20366\/revisions"}],"predecessor-version":[{"id":20369,"href":"https:\/\/informativoelvalledeaguascalientes.online\/index.php?rest_route=\/wp\/v2\/posts\/20366\/revisions\/20369"}],"wp:featuredmedia":[{"embeddable":true,"href":"https:\/\/informativoelvalledeaguascalientes.online\/index.php?rest_route=\/wp\/v2\/media\/20368"}],"wp:attachment":[{"href":"https:\/\/informativoelvalledeaguascalientes.online\/index.php?rest_route=%2Fwp%2Fv2%2Fmedia&parent=20366"}],"wp:term":[{"taxonomy":"category","embeddable":true,"href":"https:\/\/informativoelvalledeaguascalientes.online\/index.php?rest_route=%2Fwp%2Fv2%2Fcategories&post=20366"},{"taxonomy":"post_tag","embeddable":true,"href":"https:\/\/informativoelvalledeaguascalientes.online\/index.php?rest_route=%2Fwp%2Fv2%2Ftags&post=20366"}],"curies":[{"name":"wp","href":"https:\/\/api.w.org\/{rel}","templated":true}]}}