{"id":20145,"date":"2021-06-01T16:08:12","date_gmt":"2021-06-01T22:08:12","guid":{"rendered":"https:\/\/informativoelvalledeaguascalientes.online\/?p=20145"},"modified":"2021-06-01T16:08:12","modified_gmt":"2021-06-01T22:08:12","slug":"delegacion-cubana-de-box-elige-aguascalientes-para-entrenar-rumbo-a-los-olimpicos-de-tokio","status":"publish","type":"post","link":"https:\/\/informativoelvalledeaguascalientes.online\/?p=20145","title":{"rendered":"DELEGACI\u00d3N CUBANA DE BOX ELIGE AGUASCALIENTES PARA ENTRENAR RUMBO A LOS OL\u00cdMPICOS DE TOKIO"},"content":{"rendered":"<p dir=\"ltr\">#informativoelvalledeaguascalientes , #novaradioaguascalientes<\/p>\n<p dir=\"ltr\">La Delegaci\u00f3n Cubana de Box eligi\u00f3 a Aguascalientes para llevar a cabo sus entrenamientos previos a los juegos Ol\u00edmpicos de Tokio 2021, gracias a la infraestructura deportiva con la que se cuenta, y al apoyo del Instituto del Deporte del Estado.<\/p>\n<p dir=\"ltr\">Es por ello que los pugilistas y sus entrenadores visitaron este d\u00eda al gobernador del estado, Mart\u00edn Orozco Sandoval, para charlar sobre las pr\u00e1cticas que tendr\u00e1n en la entidad, en especial un encuentro con peleadores profesionales, suceso \u00fanico en la historia del box.<\/p>\n<p dir=\"ltr\">Explicaron que el encuentro entre boxeadores ol\u00edmpicos y profesionales tendr\u00e1 un eco importante a nivel internacional ya que ser\u00e1 transmitido por la cadena ESPN el pr\u00f3ximo 11 de junio y las peleas servir\u00e1n adem\u00e1s para contribuir con el fogueo de los cubanos previo a su participaci\u00f3n en Tokio 2021.<\/p>\n<p dir=\"ltr\">En el encuentro con el gobernador del estado, se habl\u00f3 de la infraestructura deportiva con que cuenta Aguascalientes y que se pondr\u00e1 a disposici\u00f3n de la delegaci\u00f3n Cubana, adicionalmente el mandatario estatal destac\u00f3 la importancia de la presencia de deportistas ol\u00edmpicos en la entidad, ya que ellos son inspiraci\u00f3n para los j\u00f3venes aguascalentenses, en la b\u00fasqueda de una carrera deportiva, as\u00ed como en el logro de metas importantes como la participaci\u00f3n en la m\u00e1xima justa internacional .<\/p>\n","protected":false},"excerpt":{"rendered":"<p>#informativoelvalledeaguascalientes , #novaradioaguascalientes La Delegaci\u00f3n Cubana de Box eligi\u00f3 a Aguascalientes para llevar a cabo sus entrenamientos previos a los juegos Ol\u00edmpicos de Tokio 2021, gracias a la infraestructura deportiva con la que se cuenta, y al apoyo del Instituto del Deporte del Estado. Es por ello que los pugilistas y sus entrenadores visitaron este [&hellip;]<\/p>\n","protected":false},"author":1,"featured_media":20146,"comment_status":"closed","ping_status":"open","sticky":false,"template":"","format":"standard","meta":{"advanced_seo_description":"","jetpack_seo_html_title":"","jetpack_seo_noindex":false,"_jetpack_memberships_contains_paid_content":false,"footnotes":"","jetpack_publicize_message":"","jetpack_publicize_feature_enabled":true,"jetpack_social_post_already_shared":true,"jetpack_social_options":{"image_generator_settings":{"template":"highway","default_image_id":0,"font":"","enabled":false},"version":2}},"categories":[21,4],"tags":[22,31],"class_list":["post-20145","post","type-post","status-publish","format-standard","has-post-thumbnail","hentry","category-aguascalientes","category-gobierno-del-estado-aguascalientes","tag-aguascalientes","tag-mos"],"jetpack_publicize_connections":[],"jetpack_featured_media_url":"https:\/\/i0.wp.com\/informativoelvalledeaguascalientes.online\/wp-content\/uploads\/2021\/06\/WhatsApp-Image-2021-06-01-at-12.42.43-PM.jpeg?fit=1280%2C853&ssl=1","jetpack-related-posts":[],"jetpack_sharing_enabled":true,"jetpack_likes_enabled":true,"_links":{"self":[{"href":"https:\/\/informativoelvalledeaguascalientes.online\/index.php?rest_route=\/wp\/v2\/posts\/20145","targetHints":{"allow":["GET"]}}],"collection":[{"href":"https:\/\/informativoelvalledeaguascalientes.online\/index.php?rest_route=\/wp\/v2\/posts"}],"about":[{"href":"https:\/\/informativoelvalledeaguascalientes.online\/index.php?rest_route=\/wp\/v2\/types\/post"}],"author":[{"embeddable":true,"href":"https:\/\/informativoelvalledeaguascalientes.online\/index.php?rest_route=\/wp\/v2\/users\/1"}],"replies":[{"embeddable":true,"href":"https:\/\/informativoelvalledeaguascalientes.online\/index.php?rest_route=%2Fwp%2Fv2%2Fcomments&post=20145"}],"version-history":[{"count":1,"href":"https:\/\/informativoelvalledeaguascalientes.online\/index.php?rest_route=\/wp\/v2\/posts\/20145\/revisions"}],"predecessor-version":[{"id":20147,"href":"https:\/\/informativoelvalledeaguascalientes.online\/index.php?rest_route=\/wp\/v2\/posts\/20145\/revisions\/20147"}],"wp:featuredmedia":[{"embeddable":true,"href":"https:\/\/informativoelvalledeaguascalientes.online\/index.php?rest_route=\/wp\/v2\/media\/20146"}],"wp:attachment":[{"href":"https:\/\/informativoelvalledeaguascalientes.online\/index.php?rest_route=%2Fwp%2Fv2%2Fmedia&parent=20145"}],"wp:term":[{"taxonomy":"category","embeddable":true,"href":"https:\/\/informativoelvalledeaguascalientes.online\/index.php?rest_route=%2Fwp%2Fv2%2Fcategories&post=20145"},{"taxonomy":"post_tag","embeddable":true,"href":"https:\/\/informativoelvalledeaguascalientes.online\/index.php?rest_route=%2Fwp%2Fv2%2Ftags&post=20145"}],"curies":[{"name":"wp","href":"https:\/\/api.w.org\/{rel}","templated":true}]}}