{"id":20141,"date":"2021-06-01T16:03:51","date_gmt":"2021-06-01T22:03:51","guid":{"rendered":"https:\/\/informativoelvalledeaguascalientes.online\/?p=20141"},"modified":"2021-06-01T16:03:51","modified_gmt":"2021-06-01T22:03:51","slug":"dialoga-gobernador-con-universitarios-destacados-sobre-nuevos-retos-de-la-educacion-en-aguascalientes","status":"publish","type":"post","link":"https:\/\/informativoelvalledeaguascalientes.online\/?p=20141","title":{"rendered":"DIALOGA GOBERNADOR CON UNIVERSITARIOS DESTACADOS SOBRE NUEVOS RETOS DE LA EDUCACI\u00d3N EN AGUASCALIENTES\u00a0\u00a0"},"content":{"rendered":"<p dir=\"ltr\">#informativoelvalledeaguascalientes , #novaradioaguascalientes<\/p>\n<ul>\n<li dir=\"ltr\">\n<p dir=\"ltr\">Los y las j\u00f3venes deben involucrarse en la toma de decisiones y en los cambios que se avecinan: Mart\u00edn Orozco Sandoval<\/p>\n<\/li>\n<li dir=\"ltr\">\n<p dir=\"ltr\">La transformaci\u00f3n educativa es una tarea de vinculaci\u00f3n entre instituciones, empresas, estudiantes y sociedad<\/p>\n<\/li>\n<li dir=\"ltr\">\n<p dir=\"ltr\">Innovaci\u00f3n y acompa\u00f1amiento han sido factores para evitar la deserci\u00f3n en los diferentes niveles educativos<\/p>\n<\/li>\n<\/ul>\n<p dir=\"ltr\">Para obtener resultados diferentes en el tema de educaci\u00f3n, tanto gobierno como sociedad, tenemos que seguir innovando todos los d\u00edas y sumando esfuerzos para continuar con la transformaci\u00f3n del estado de Aguascalientes, se\u00f1al\u00f3 el gobernador Mart\u00edn Orozco Sandoval.<\/p>\n<p dir=\"ltr\">Al sostener un di\u00e1logo con alumnos y alumnas con promedios sobresalientes de las distintas universidades p\u00fablicas, el mandatario estatal expres\u00f3 que el Gobierno del Estado contin\u00faa fortaleciendo la tarea de vinculaci\u00f3n entre instituciones educativas, estudiantes, empresas y sociedad, adem\u00e1s de brindar acompa\u00f1amiento para evitar la deserci\u00f3n.<\/p>\n<p dir=\"ltr\">Orozco Sandoval destac\u00f3 que Aguascalientes no est\u00e1 exento de esta nueva din\u00e1mica escolar en todos los niveles, por lo que el reto mayor es que todos los actores involucrados en la educaci\u00f3n se reinventen.<\/p>\n<p dir=\"ltr\">Asimismo, indic\u00f3 que, d\u00eda a d\u00eda, cada vez m\u00e1s j\u00f3venes est\u00e1n inmersos en la toma de decisiones y los cambios que est\u00e1 viviendo M\u00e9xico, por lo que sus opiniones deben sumarse a las de los actores encargados de implementar las pol\u00edticas p\u00fablicas y en conjunto buscar que este pa\u00eds sea mejor.<\/p>\n<p dir=\"ltr\">Tras escuchar en voz de los universitarios algunas de las experiencias vividas en las aulas y, en algunos casos, en las empresas donde realizan sus pr\u00e1cticas o estad\u00edas, el gobernador los exhort\u00f3 a ser estudiantes y profesionistas con alto sentido de responsabilidad social y de compromiso con su estado y pa\u00eds.<\/p>\n<p dir=\"ltr\">En su intervenci\u00f3n, el director general del Instituto de Educaci\u00f3n de Aguascalientes (IEA), Ulises Reyes Esparza, expres\u00f3 que con estos encuentros con alumnos y alumnas se contin\u00faa impulsando y acompa\u00f1ando a quienes son actores de cambio y un motor que ayuda a la reconstrucci\u00f3n del tejido familiar y social en la entidad.<\/p>\n<p dir=\"ltr\">A\u00f1adi\u00f3 que entre mejor preparados est\u00e9n los y las estudiantes de Aguascalientes, mejores oportunidades tendr\u00e1n para incorporarse en el mercado laboral por contar con conocimientos t\u00e9cnicos, pero sobre todo por ser profesionistas con valores.<\/p>\n<p dir=\"ltr\">Adem\u00e1s de los rectores de las instituciones de educaci\u00f3n superior, en el di\u00e1logo participaron en representaci\u00f3n de los estudiantes, Jimena Valeria G\u00f3mez Morf\u00edn, de la Universidad Aut\u00f3noma de Aguascalientes y Mercedes Jaime de la Torre, de la Universidad Tecnol\u00f3gica Metropolitana de Aguascalientes (UTMA), adem\u00e1s de Gerardo de Jes\u00fas Valadez P\u00e9rez, coordinador de becas y financiamiento educativo del IEA.<\/p>\n<p><span style=\"color: #888888;\">&#8212;<\/span><\/p>\n","protected":false},"excerpt":{"rendered":"<p>#informativoelvalledeaguascalientes , #novaradioaguascalientes Los y las j\u00f3venes deben involucrarse en la toma de decisiones y en los cambios que se avecinan: Mart\u00edn Orozco Sandoval La transformaci\u00f3n educativa es una tarea de vinculaci\u00f3n entre instituciones, empresas, estudiantes y sociedad Innovaci\u00f3n y acompa\u00f1amiento han sido factores para evitar la deserci\u00f3n en los diferentes niveles educativos Para obtener [&hellip;]<\/p>\n","protected":false},"author":1,"featured_media":20143,"comment_status":"closed","ping_status":"open","sticky":false,"template":"","format":"standard","meta":{"advanced_seo_description":"","jetpack_seo_html_title":"","jetpack_seo_noindex":false,"_jetpack_memberships_contains_paid_content":false,"footnotes":"","jetpack_publicize_message":"","jetpack_publicize_feature_enabled":true,"jetpack_social_post_already_shared":true,"jetpack_social_options":{"image_generator_settings":{"template":"highway","default_image_id":0,"font":"","enabled":false},"version":2}},"categories":[21,4],"tags":[22,39,31,339],"class_list":["post-20141","post","type-post","status-publish","format-standard","has-post-thumbnail","hentry","category-aguascalientes","category-gobierno-del-estado-aguascalientes","tag-aguascalientes","tag-iea","tag-mos","tag-utma"],"jetpack_publicize_connections":[],"jetpack_featured_media_url":"https:\/\/i0.wp.com\/informativoelvalledeaguascalientes.online\/wp-content\/uploads\/2021\/06\/WhatsApp-Image-2021-06-01-at-12.16.00-1.jpeg?fit=1280%2C817&ssl=1","jetpack-related-posts":[],"jetpack_sharing_enabled":true,"jetpack_likes_enabled":true,"_links":{"self":[{"href":"https:\/\/informativoelvalledeaguascalientes.online\/index.php?rest_route=\/wp\/v2\/posts\/20141","targetHints":{"allow":["GET"]}}],"collection":[{"href":"https:\/\/informativoelvalledeaguascalientes.online\/index.php?rest_route=\/wp\/v2\/posts"}],"about":[{"href":"https:\/\/informativoelvalledeaguascalientes.online\/index.php?rest_route=\/wp\/v2\/types\/post"}],"author":[{"embeddable":true,"href":"https:\/\/informativoelvalledeaguascalientes.online\/index.php?rest_route=\/wp\/v2\/users\/1"}],"replies":[{"embeddable":true,"href":"https:\/\/informativoelvalledeaguascalientes.online\/index.php?rest_route=%2Fwp%2Fv2%2Fcomments&post=20141"}],"version-history":[{"count":1,"href":"https:\/\/informativoelvalledeaguascalientes.online\/index.php?rest_route=\/wp\/v2\/posts\/20141\/revisions"}],"predecessor-version":[{"id":20144,"href":"https:\/\/informativoelvalledeaguascalientes.online\/index.php?rest_route=\/wp\/v2\/posts\/20141\/revisions\/20144"}],"wp:featuredmedia":[{"embeddable":true,"href":"https:\/\/informativoelvalledeaguascalientes.online\/index.php?rest_route=\/wp\/v2\/media\/20143"}],"wp:attachment":[{"href":"https:\/\/informativoelvalledeaguascalientes.online\/index.php?rest_route=%2Fwp%2Fv2%2Fmedia&parent=20141"}],"wp:term":[{"taxonomy":"category","embeddable":true,"href":"https:\/\/informativoelvalledeaguascalientes.online\/index.php?rest_route=%2Fwp%2Fv2%2Fcategories&post=20141"},{"taxonomy":"post_tag","embeddable":true,"href":"https:\/\/informativoelvalledeaguascalientes.online\/index.php?rest_route=%2Fwp%2Fv2%2Ftags&post=20141"}],"curies":[{"name":"wp","href":"https:\/\/api.w.org\/{rel}","templated":true}]}}