{"id":20136,"date":"2021-06-01T15:57:31","date_gmt":"2021-06-01T21:57:31","guid":{"rendered":"https:\/\/informativoelvalledeaguascalientes.online\/?p=20136"},"modified":"2021-06-01T15:57:31","modified_gmt":"2021-06-01T21:57:31","slug":"luego-de-un-ano-lejos-del-publico-la-osa-reinicia-sus-conciertos-presenciales","status":"publish","type":"post","link":"https:\/\/informativoelvalledeaguascalientes.online\/?p=20136","title":{"rendered":"LUEGO DE UN A\u00d1O LEJOS DEL P\u00daBLICO, LA OSA REINICIA SUS CONCIERTOS PRESENCIALES"},"content":{"rendered":"<p dir=\"ltr\">#informativoelvalledeaguascalientes , #novaradioaguascalientes<\/p>\n<ul>\n<li dir=\"ltr\">\n<p dir=\"ltr\">En el per\u00edodo de aislamiento la OSA desarroll\u00f3 productos audiovisuales que llegaron a m\u00e1s de 50 pa\u00edses<\/p>\n<\/li>\n<li dir=\"ltr\">\n<p dir=\"ltr\">Durante cinco fines de semana las y los aguascalentenses podr\u00e1n disfrutar de una temporada de conciertos variados, con todas las medidas de seguridad<\/p>\n<\/li>\n<\/ul>\n<p>&nbsp;<\/p>\n<p dir=\"ltr\">Luego de m\u00e1s de un a\u00f1o de haber suspendido las presentaciones en el Teatro Aguascalientes, los m\u00fasicos que integran la Orquesta Sinf\u00f3nica de Aguascalientes est\u00e1n listos para el reinicio presencial de sus interpretaciones ante el p\u00fablico aguascalentense, as\u00ed lo se\u00f1al\u00f3 el maestro Lanfranco Marcelletti, director de la OSA, al referir que si bien no hubo actividades presenciales durante la contingencia sanitaria, el trabajo de la orquesta no se detuvo.<\/p>\n<p dir=\"ltr\">Marcelletti explic\u00f3 que se ha conformado un programa de actividades en el Teatro Aguascalientes que dar\u00e1 inicio a partir de este viernes 4 de junio y se extender\u00e1 hasta el primer fin de semana del mes de julio.<\/p>\n<p dir=\"ltr\">Se\u00f1al\u00f3 que el primer concierto est\u00e1 dedicado a Bach y a sus hijos, que tambi\u00e9n fueron grandes compositores; la segunda y la tercera semana se podr\u00e1 disfrutar de temas cl\u00e1sicos, dirigidos por j\u00f3venes directores mexicanos invitados; y finalmente se presentar\u00e1 un concierto con piezas no muy conocidas, con la variaci\u00f3n de que algunas estar\u00e1n acompa\u00f1adas de coro.<\/p>\n<p dir=\"ltr\">El director extendi\u00f3 la invitaci\u00f3n a disfrutar del arte y la m\u00fasica a toda la poblaci\u00f3n aguascalentense, se\u00f1alando que de acuerdo a las medidas de sana distancia, el aforo ser\u00e1 del 50% de la capacidad total de la sala, adem\u00e1s de que en todo momento se deber\u00e1n seguir las medidas sanitarias.<\/p>\n<p dir=\"ltr\">Lanfranco Marceletti apunt\u00f3 que durante la temporada de confinamiento en Aguascalientes, las actividades culturales encontraron nuevos formatos para acercar a la poblaci\u00f3n contenido que favoreciera la resiliencia, tanto as\u00ed que la Orquesta Sinf\u00f3nica de Aguascalientes fue una de las orquestas con mayor producci\u00f3n audiovisual en M\u00e9xico, llegando a m\u00e1s de 800 mil personas de 50 pa\u00edses.<\/p>\n<p dir=\"ltr\">Refiri\u00f3 que el proceso de adaptaci\u00f3n que ha vivido la orquesta estuvo encaminado a preservar la salud tanto del p\u00fablico como de los integrantes de la OSA, por lo que se han reorganizado las din\u00e1micas e incluso, destac\u00f3 el reto que ha significado buscar repertorios para grupos m\u00e1s peque\u00f1os en forma presencial.<\/p>\n","protected":false},"excerpt":{"rendered":"<p>#informativoelvalledeaguascalientes , #novaradioaguascalientes En el per\u00edodo de aislamiento la OSA desarroll\u00f3 productos audiovisuales que llegaron a m\u00e1s de 50 pa\u00edses Durante cinco fines de semana las y los aguascalentenses podr\u00e1n disfrutar de una temporada de conciertos variados, con todas las medidas de seguridad &nbsp; Luego de m\u00e1s de un a\u00f1o de haber suspendido las presentaciones [&hellip;]<\/p>\n","protected":false},"author":1,"featured_media":20138,"comment_status":"closed","ping_status":"open","sticky":false,"template":"","format":"standard","meta":{"advanced_seo_description":"","jetpack_seo_html_title":"","jetpack_seo_noindex":false,"_jetpack_memberships_contains_paid_content":false,"footnotes":"","jetpack_publicize_message":"","jetpack_publicize_feature_enabled":true,"jetpack_social_post_already_shared":true,"jetpack_social_options":{"image_generator_settings":{"template":"highway","default_image_id":0,"font":"","enabled":false},"version":2}},"categories":[21,4],"tags":[22,149],"class_list":["post-20136","post","type-post","status-publish","format-standard","has-post-thumbnail","hentry","category-aguascalientes","category-gobierno-del-estado-aguascalientes","tag-aguascalientes","tag-osa"],"jetpack_publicize_connections":[],"jetpack_featured_media_url":"https:\/\/i0.wp.com\/informativoelvalledeaguascalientes.online\/wp-content\/uploads\/2021\/06\/WhatsApp-Image-2021-06-01-at-1.33.58-PM.jpeg?fit=1280%2C711&ssl=1","jetpack-related-posts":[],"jetpack_sharing_enabled":true,"jetpack_likes_enabled":true,"_links":{"self":[{"href":"https:\/\/informativoelvalledeaguascalientes.online\/index.php?rest_route=\/wp\/v2\/posts\/20136","targetHints":{"allow":["GET"]}}],"collection":[{"href":"https:\/\/informativoelvalledeaguascalientes.online\/index.php?rest_route=\/wp\/v2\/posts"}],"about":[{"href":"https:\/\/informativoelvalledeaguascalientes.online\/index.php?rest_route=\/wp\/v2\/types\/post"}],"author":[{"embeddable":true,"href":"https:\/\/informativoelvalledeaguascalientes.online\/index.php?rest_route=\/wp\/v2\/users\/1"}],"replies":[{"embeddable":true,"href":"https:\/\/informativoelvalledeaguascalientes.online\/index.php?rest_route=%2Fwp%2Fv2%2Fcomments&post=20136"}],"version-history":[{"count":1,"href":"https:\/\/informativoelvalledeaguascalientes.online\/index.php?rest_route=\/wp\/v2\/posts\/20136\/revisions"}],"predecessor-version":[{"id":20139,"href":"https:\/\/informativoelvalledeaguascalientes.online\/index.php?rest_route=\/wp\/v2\/posts\/20136\/revisions\/20139"}],"wp:featuredmedia":[{"embeddable":true,"href":"https:\/\/informativoelvalledeaguascalientes.online\/index.php?rest_route=\/wp\/v2\/media\/20138"}],"wp:attachment":[{"href":"https:\/\/informativoelvalledeaguascalientes.online\/index.php?rest_route=%2Fwp%2Fv2%2Fmedia&parent=20136"}],"wp:term":[{"taxonomy":"category","embeddable":true,"href":"https:\/\/informativoelvalledeaguascalientes.online\/index.php?rest_route=%2Fwp%2Fv2%2Fcategories&post=20136"},{"taxonomy":"post_tag","embeddable":true,"href":"https:\/\/informativoelvalledeaguascalientes.online\/index.php?rest_route=%2Fwp%2Fv2%2Ftags&post=20136"}],"curies":[{"name":"wp","href":"https:\/\/api.w.org\/{rel}","templated":true}]}}