{"id":20132,"date":"2021-06-01T15:54:26","date_gmt":"2021-06-01T21:54:26","guid":{"rendered":"https:\/\/informativoelvalledeaguascalientes.online\/?p=20132"},"modified":"2021-06-01T15:54:26","modified_gmt":"2021-06-01T21:54:26","slug":"reporte-tecnico-sobre-covid-19-en-aguascalientes-38","status":"publish","type":"post","link":"https:\/\/informativoelvalledeaguascalientes.online\/?p=20132","title":{"rendered":"REPORTE T\u00c9CNICO SOBRE COVID-19 EN AGUASCALIENTES\u00a0"},"content":{"rendered":"<p dir=\"ltr\"><strong>#informativoelvalledeaguascalientes , #novaradioaguascalientes<\/strong><\/p>\n<p dir=\"ltr\">Continuar\u00e1 la vacunaci\u00f3n a personas de entre 40 y 49 a\u00f1os el pr\u00f3ximo jueves 3 de junio en los municipios de Calvillo y Pabell\u00f3n Arteaga, inform\u00f3 la Secretar\u00eda de Salud de Aguascalientes.<\/p>\n<p dir=\"ltr\">\n<p dir=\"ltr\">Se dio a conocer que se instalar\u00e1n en Pabell\u00f3n de Arteaga m\u00f3dulos en la \u201cEscuela Secundaria T\u00e9cnica No.3\u201d, ubicada en la calle Plutarco El\u00edas Calles No. 35, Colonia 5 de Mayo y en la \u201cEscuela Secundaria No. 23\u201d en la calle Pablo H\u00e9ctor Gonz\u00e1lez No. 205, Colonia Popular.<\/p>\n<p dir=\"ltr\">\n<p dir=\"ltr\">En el caso de Calvillo, la inmunizaci\u00f3n ser\u00e1 en el Parque Infantil y en el CECyTEA ubicado en Av. R\u00edo Calvillo, Colonia Llano de San Rafael.<\/p>\n<p dir=\"ltr\">\n<p dir=\"ltr\">Cabe se\u00f1alar que tambi\u00e9n se aplicar\u00e1n primeras dosis a mujeres embarazadas, mayores de 18 a\u00f1os y con al menos nueve semanas de gestaci\u00f3n. Los m\u00f3dulos se abrir\u00e1n en punto de las 8:00 horas y las personas deber\u00e1n acudir con su CURP y expediente de vacunaci\u00f3n.<\/p>\n<p dir=\"ltr\">\n<p dir=\"ltr\">Por otra parte, en el informe t\u00e9cnico emitido por el ISSEA, se muestra que ya suman un total de 22 mil 635 casos positivos al virus, desde que inici\u00f3 la pandemia. De la misma manera, se confirman ocho lamentables decesos y 20 personas reciben atenci\u00f3n hospitalaria.<img data-recalc-dims=\"1\" loading=\"lazy\" decoding=\"async\" class=\"alignnone wp-image-20134 size-full\" src=\"https:\/\/i0.wp.com\/informativoelvalledeaguascalientes.online\/wp-content\/uploads\/2021\/06\/WhatsApp-Image-2021-06-01-at-1.57.49-PM.jpeg?resize=640%2C320\" alt=\"\" width=\"640\" height=\"320\" srcset=\"https:\/\/i0.wp.com\/informativoelvalledeaguascalientes.online\/wp-content\/uploads\/2021\/06\/WhatsApp-Image-2021-06-01-at-1.57.49-PM.jpeg?w=1280&amp;ssl=1 1280w, https:\/\/i0.wp.com\/informativoelvalledeaguascalientes.online\/wp-content\/uploads\/2021\/06\/WhatsApp-Image-2021-06-01-at-1.57.49-PM.jpeg?resize=300%2C150&amp;ssl=1 300w, https:\/\/i0.wp.com\/informativoelvalledeaguascalientes.online\/wp-content\/uploads\/2021\/06\/WhatsApp-Image-2021-06-01-at-1.57.49-PM.jpeg?resize=1024%2C512&amp;ssl=1 1024w, https:\/\/i0.wp.com\/informativoelvalledeaguascalientes.online\/wp-content\/uploads\/2021\/06\/WhatsApp-Image-2021-06-01-at-1.57.49-PM.jpeg?resize=768%2C384&amp;ssl=1 768w\" sizes=\"auto, (max-width: 640px) 100vw, 640px\" \/><\/p>\n","protected":false},"excerpt":{"rendered":"<p>#informativoelvalledeaguascalientes , #novaradioaguascalientes Continuar\u00e1 la vacunaci\u00f3n a personas de entre 40 y 49 a\u00f1os el pr\u00f3ximo jueves 3 de junio en los municipios de Calvillo y Pabell\u00f3n Arteaga, inform\u00f3 la Secretar\u00eda de Salud de Aguascalientes. Se dio a conocer que se instalar\u00e1n en Pabell\u00f3n de Arteaga m\u00f3dulos en la \u201cEscuela Secundaria T\u00e9cnica No.3\u201d, ubicada en [&hellip;]<\/p>\n","protected":false},"author":1,"featured_media":20133,"comment_status":"closed","ping_status":"open","sticky":false,"template":"","format":"standard","meta":{"advanced_seo_description":"","jetpack_seo_html_title":"","jetpack_seo_noindex":false,"_jetpack_memberships_contains_paid_content":false,"footnotes":"","jetpack_publicize_message":"","jetpack_publicize_feature_enabled":true,"jetpack_social_post_already_shared":true,"jetpack_social_options":{"image_generator_settings":{"template":"highway","default_image_id":0,"font":"","enabled":false},"version":2}},"categories":[21,4],"tags":[22,30],"class_list":["post-20132","post","type-post","status-publish","format-standard","has-post-thumbnail","hentry","category-aguascalientes","category-gobierno-del-estado-aguascalientes","tag-aguascalientes","tag-issea"],"jetpack_publicize_connections":[],"jetpack_featured_media_url":"https:\/\/i0.wp.com\/informativoelvalledeaguascalientes.online\/wp-content\/uploads\/2021\/06\/WhatsApp-Image-2021-06-01-at-2.12.03-PM.jpeg?fit=642%2C852&ssl=1","jetpack-related-posts":[],"jetpack_sharing_enabled":true,"jetpack_likes_enabled":true,"_links":{"self":[{"href":"https:\/\/informativoelvalledeaguascalientes.online\/index.php?rest_route=\/wp\/v2\/posts\/20132","targetHints":{"allow":["GET"]}}],"collection":[{"href":"https:\/\/informativoelvalledeaguascalientes.online\/index.php?rest_route=\/wp\/v2\/posts"}],"about":[{"href":"https:\/\/informativoelvalledeaguascalientes.online\/index.php?rest_route=\/wp\/v2\/types\/post"}],"author":[{"embeddable":true,"href":"https:\/\/informativoelvalledeaguascalientes.online\/index.php?rest_route=\/wp\/v2\/users\/1"}],"replies":[{"embeddable":true,"href":"https:\/\/informativoelvalledeaguascalientes.online\/index.php?rest_route=%2Fwp%2Fv2%2Fcomments&post=20132"}],"version-history":[{"count":1,"href":"https:\/\/informativoelvalledeaguascalientes.online\/index.php?rest_route=\/wp\/v2\/posts\/20132\/revisions"}],"predecessor-version":[{"id":20135,"href":"https:\/\/informativoelvalledeaguascalientes.online\/index.php?rest_route=\/wp\/v2\/posts\/20132\/revisions\/20135"}],"wp:featuredmedia":[{"embeddable":true,"href":"https:\/\/informativoelvalledeaguascalientes.online\/index.php?rest_route=\/wp\/v2\/media\/20133"}],"wp:attachment":[{"href":"https:\/\/informativoelvalledeaguascalientes.online\/index.php?rest_route=%2Fwp%2Fv2%2Fmedia&parent=20132"}],"wp:term":[{"taxonomy":"category","embeddable":true,"href":"https:\/\/informativoelvalledeaguascalientes.online\/index.php?rest_route=%2Fwp%2Fv2%2Fcategories&post=20132"},{"taxonomy":"post_tag","embeddable":true,"href":"https:\/\/informativoelvalledeaguascalientes.online\/index.php?rest_route=%2Fwp%2Fv2%2Ftags&post=20132"}],"curies":[{"name":"wp","href":"https:\/\/api.w.org\/{rel}","templated":true}]}}