{"id":2010,"date":"2020-01-21T17:41:03","date_gmt":"2020-01-21T23:41:03","guid":{"rendered":"https:\/\/informativoelvalledeaguascalientes.online\/?p=2010"},"modified":"2020-01-21T17:41:03","modified_gmt":"2020-01-21T23:41:03","slug":"inician-sectur-y-ayuntamiento-de-aguascalientes-trabajos-de-coordinacion-para-la-fnsm-2020","status":"publish","type":"post","link":"https:\/\/informativoelvalledeaguascalientes.online\/?p=2010","title":{"rendered":"INICIAN SECTUR Y AYUNTAMIENTO DE AGUASCALIENTES TRABAJOS DE COORDINACI\u00d3N PARA LA FNSM 2020"},"content":{"rendered":"<p>El secretario de Turismo, Humberto Javier Montero de Alba, y la alcaldesa de Aguascalientes, Teresa Jim\u00e9nez Esquivel, se reunieron para iniciar los trabajos de coordinaci\u00f3n para la edici\u00f3n 2020 de la Feria Nacional de San Marcos.<\/p>\n<p>Este primer encuentro sentar\u00e1 las bases para determinar las acciones que corresponden al municipio de Aguascalientes c\u00f3mo es la prestaci\u00f3n de servicios p\u00fablicos, adem\u00e1s de la autorizaci\u00f3n por parte del Cabildo del per\u00edmetro ferial.<\/p>\n<p>El Secretario de Turismo destac\u00f3 que este di\u00e1logo tiene la finalidad de ofrecer a los aguascalentenses y visitantes un evento de calidad, para mantener el prestigio de la feria m\u00e1s importante de M\u00e9xico<\/p>\n","protected":false},"excerpt":{"rendered":"<p>El secretario de Turismo, Humberto Javier Montero de Alba, y la alcaldesa de Aguascalientes, Teresa Jim\u00e9nez Esquivel, se reunieron para iniciar los trabajos de coordinaci\u00f3n para la edici\u00f3n 2020 de la Feria Nacional de San Marcos. Este primer encuentro sentar\u00e1 las bases para determinar las acciones que corresponden al municipio de Aguascalientes c\u00f3mo es la [&hellip;]<\/p>\n","protected":false},"author":1,"featured_media":2011,"comment_status":"closed","ping_status":"open","sticky":false,"template":"","format":"standard","meta":{"advanced_seo_description":"","jetpack_seo_html_title":"","jetpack_seo_noindex":false,"_jetpack_memberships_contains_paid_content":false,"footnotes":"","jetpack_publicize_message":"","jetpack_publicize_feature_enabled":true,"jetpack_social_post_already_shared":true,"jetpack_social_options":{"image_generator_settings":{"template":"highway","default_image_id":0,"font":"","enabled":false},"version":2}},"categories":[21,4,3],"tags":[22,25,34],"class_list":["post-2010","post","type-post","status-publish","format-standard","has-post-thumbnail","hentry","category-aguascalientes","category-gobierno-del-estado-aguascalientes","category-municipio-aguascalientes","tag-aguascalientes","tag-mpio-aguascalientes","tag-sectur"],"jetpack_publicize_connections":[],"jetpack_featured_media_url":"https:\/\/i0.wp.com\/informativoelvalledeaguascalientes.online\/wp-content\/uploads\/2020\/01\/REUNI%C3%93N_Sectur_AyuntamientoAgs.jpg?fit=1056%2C704&ssl=1","jetpack-related-posts":[],"jetpack_sharing_enabled":true,"jetpack_likes_enabled":true,"_links":{"self":[{"href":"https:\/\/informativoelvalledeaguascalientes.online\/index.php?rest_route=\/wp\/v2\/posts\/2010","targetHints":{"allow":["GET"]}}],"collection":[{"href":"https:\/\/informativoelvalledeaguascalientes.online\/index.php?rest_route=\/wp\/v2\/posts"}],"about":[{"href":"https:\/\/informativoelvalledeaguascalientes.online\/index.php?rest_route=\/wp\/v2\/types\/post"}],"author":[{"embeddable":true,"href":"https:\/\/informativoelvalledeaguascalientes.online\/index.php?rest_route=\/wp\/v2\/users\/1"}],"replies":[{"embeddable":true,"href":"https:\/\/informativoelvalledeaguascalientes.online\/index.php?rest_route=%2Fwp%2Fv2%2Fcomments&post=2010"}],"version-history":[{"count":1,"href":"https:\/\/informativoelvalledeaguascalientes.online\/index.php?rest_route=\/wp\/v2\/posts\/2010\/revisions"}],"predecessor-version":[{"id":2012,"href":"https:\/\/informativoelvalledeaguascalientes.online\/index.php?rest_route=\/wp\/v2\/posts\/2010\/revisions\/2012"}],"wp:featuredmedia":[{"embeddable":true,"href":"https:\/\/informativoelvalledeaguascalientes.online\/index.php?rest_route=\/wp\/v2\/media\/2011"}],"wp:attachment":[{"href":"https:\/\/informativoelvalledeaguascalientes.online\/index.php?rest_route=%2Fwp%2Fv2%2Fmedia&parent=2010"}],"wp:term":[{"taxonomy":"category","embeddable":true,"href":"https:\/\/informativoelvalledeaguascalientes.online\/index.php?rest_route=%2Fwp%2Fv2%2Fcategories&post=2010"},{"taxonomy":"post_tag","embeddable":true,"href":"https:\/\/informativoelvalledeaguascalientes.online\/index.php?rest_route=%2Fwp%2Fv2%2Ftags&post=2010"}],"curies":[{"name":"wp","href":"https:\/\/api.w.org\/{rel}","templated":true}]}}