{"id":201,"date":"2019-11-25T16:11:05","date_gmt":"2019-11-25T22:11:05","guid":{"rendered":"http:\/\/informativoelvalledeaguascalientes.online\/?p=201"},"modified":"2019-11-25T16:11:05","modified_gmt":"2019-11-25T22:11:05","slug":"concluye-jornada-de-salud-publica-en-el-estado","status":"publish","type":"post","link":"https:\/\/informativoelvalledeaguascalientes.online\/?p=201","title":{"rendered":"CONCLUYE JORNADA DE SALUD P\u00daBLICA EN EL ESTADO"},"content":{"rendered":"<ul>\n<li style=\"font-weight: 400;\"><strong><em>La estrategia contempl\u00f3 acciones para todos los grupos de edad<\/em><\/strong><\/li>\n<li style=\"font-weight: 400;\"><strong><em>Se pondera la prevenci\u00f3n de enfermedades cr\u00f3nicas y la vacunaci\u00f3n<\/em><\/strong><\/li>\n<\/ul>\n<p style=\"font-weight: 400;\"><strong><em>\u00a0<\/em><\/strong>Durante la Jornada Nacional de Salud P\u00fablica en el estado de Aguascalientes, se aplicaron\u00a0 m\u00e1s de 61 dosis de vacunas Sabin y 112 mil de Influenza; se realizaron m\u00e1s de 11 mil detecciones oportunas de presi\u00f3n arterial, sobrepeso, obesidad diabetes y otras enfermedades cr\u00f3nicas; y se completaron esquemas de vacunaci\u00f3n en ni\u00f1as y ni\u00f1os.<\/p>\n<p style=\"font-weight: 400;\">El Instituto de Servicios de Salud del Estado de Aguascalientes (ISSEA), realiz\u00f3 con \u00e9xito el acto de clausura del ejercicio de prevenci\u00f3n de esta jornada, que se llev\u00f3 a cabo del 4 al 15 de noviembre en todas las unidades del sector salud del estado.<\/p>\n<p style=\"font-weight: 400;\">Al respecto, el director de Atenci\u00f3n Primaria a la Salud, Jairo Marentes Betanzos, indic\u00f3 que fueron dos semanas de actividades intensivas donde se atendi\u00f3 la estructura completa de la familia; a los menores con la vacunaci\u00f3n, a m\u00e1s de 40 mil adolescentes y j\u00f3venes con talleres de prevenci\u00f3n de salud sexual, mental y adicciones, a los adultos en materia de enfermedades cr\u00f3nicas y a m\u00e1s de 3, 300 ancianos en vacunaci\u00f3n contra influenza y otros padecimientos propios del envejecimiento, como fracturas y demencias.<\/p>\n<p style=\"font-weight: 400;\">Destac\u00f3 la presencia de instancias como IMSS, ISSSTE y DIF Estatal e IEA, que se sumaron a la estrategia y que han permitido la erradicaci\u00f3n de la poliomielitis y la interrupci\u00f3n de la circulaci\u00f3n del virus del sarampi\u00f3n y rub\u00e9ola, adem\u00e1s de acercar los servicios preventivos a las localidades m\u00e1s apartadas de la entidad.<\/p>\n<p style=\"font-weight: 400;\">Finalmente, Marentes Betanzos, agradeci\u00f3 la respuesta de la poblaci\u00f3n del estado, ya que de manera responsable completa los esquemas de vacunaci\u00f3n de los menores y los adultos mayores, adem\u00e1s de que el control de vigilancia en enfermos cr\u00f3nicos es cada vez mayor, por lo que invit\u00f3 a las personas a acudir por lo menos una vez al a\u00f1o a su unidad de salud m\u00e1s cercana y realizarse un chequeo m\u00e9dico de manera gratuita.<\/p>\n<p style=\"font-weight: 400;\">\n","protected":false},"excerpt":{"rendered":"<p>La estrategia contempl\u00f3 acciones para todos los grupos de edad Se pondera la prevenci\u00f3n de enfermedades cr\u00f3nicas y la vacunaci\u00f3n \u00a0Durante la Jornada Nacional de Salud P\u00fablica en el estado de Aguascalientes, se aplicaron\u00a0 m\u00e1s de 61 dosis de vacunas Sabin y 112 mil de Influenza; se realizaron m\u00e1s de 11 mil detecciones oportunas de [&hellip;]<\/p>\n","protected":false},"author":1,"featured_media":202,"comment_status":"open","ping_status":"open","sticky":false,"template":"","format":"standard","meta":{"advanced_seo_description":"","jetpack_seo_html_title":"","jetpack_seo_noindex":false,"_jetpack_memberships_contains_paid_content":false,"footnotes":"","jetpack_publicize_message":"","jetpack_publicize_feature_enabled":true,"jetpack_social_post_already_shared":false,"jetpack_social_options":{"image_generator_settings":{"template":"highway","default_image_id":0,"font":"","enabled":false},"version":2}},"categories":[21,4],"tags":[22,30],"class_list":["post-201","post","type-post","status-publish","format-standard","has-post-thumbnail","hentry","category-aguascalientes","category-gobierno-del-estado-aguascalientes","tag-aguascalientes","tag-issea"],"jetpack_publicize_connections":[],"jetpack_featured_media_url":"https:\/\/i0.wp.com\/informativoelvalledeaguascalientes.online\/wp-content\/uploads\/2019\/11\/issea_25112019.jpg?fit=873%2C582&ssl=1","jetpack-related-posts":[],"jetpack_sharing_enabled":true,"jetpack_likes_enabled":true,"_links":{"self":[{"href":"https:\/\/informativoelvalledeaguascalientes.online\/index.php?rest_route=\/wp\/v2\/posts\/201","targetHints":{"allow":["GET"]}}],"collection":[{"href":"https:\/\/informativoelvalledeaguascalientes.online\/index.php?rest_route=\/wp\/v2\/posts"}],"about":[{"href":"https:\/\/informativoelvalledeaguascalientes.online\/index.php?rest_route=\/wp\/v2\/types\/post"}],"author":[{"embeddable":true,"href":"https:\/\/informativoelvalledeaguascalientes.online\/index.php?rest_route=\/wp\/v2\/users\/1"}],"replies":[{"embeddable":true,"href":"https:\/\/informativoelvalledeaguascalientes.online\/index.php?rest_route=%2Fwp%2Fv2%2Fcomments&post=201"}],"version-history":[{"count":1,"href":"https:\/\/informativoelvalledeaguascalientes.online\/index.php?rest_route=\/wp\/v2\/posts\/201\/revisions"}],"predecessor-version":[{"id":203,"href":"https:\/\/informativoelvalledeaguascalientes.online\/index.php?rest_route=\/wp\/v2\/posts\/201\/revisions\/203"}],"wp:featuredmedia":[{"embeddable":true,"href":"https:\/\/informativoelvalledeaguascalientes.online\/index.php?rest_route=\/wp\/v2\/media\/202"}],"wp:attachment":[{"href":"https:\/\/informativoelvalledeaguascalientes.online\/index.php?rest_route=%2Fwp%2Fv2%2Fmedia&parent=201"}],"wp:term":[{"taxonomy":"category","embeddable":true,"href":"https:\/\/informativoelvalledeaguascalientes.online\/index.php?rest_route=%2Fwp%2Fv2%2Fcategories&post=201"},{"taxonomy":"post_tag","embeddable":true,"href":"https:\/\/informativoelvalledeaguascalientes.online\/index.php?rest_route=%2Fwp%2Fv2%2Ftags&post=201"}],"curies":[{"name":"wp","href":"https:\/\/api.w.org\/{rel}","templated":true}]}}