{"id":2006,"date":"2020-01-21T17:31:23","date_gmt":"2020-01-21T23:31:23","guid":{"rendered":"https:\/\/informativoelvalledeaguascalientes.online\/?p=2006"},"modified":"2020-01-21T17:31:23","modified_gmt":"2020-01-21T23:31:23","slug":"baja-la-desocupacion-laboral-en-aguascalientes","status":"publish","type":"post","link":"https:\/\/informativoelvalledeaguascalientes.online\/?p=2006","title":{"rendered":"BAJA LA DESOCUPACI\u00d3N LABORAL EN AGUASCALIENTES"},"content":{"rendered":"<ul>\n<li dir=\"ltr\"><strong>En diciembre se registr\u00f3 una tasa de 3.2 por ciento, la menor de 2019<\/strong><\/li>\n<li dir=\"ltr\"><strong>En los primeros tres a\u00f1os de la administraci\u00f3n estatal se han creado 38 mil 490 empleos formales: Sedec<\/strong><\/li>\n<\/ul>\n<p dir=\"ltr\">El secretario de Desarrollo Econ\u00f3mico, Manuel Alejandro Gonz\u00e1lez Mart\u00ednez, inform\u00f3 al gobernador Mart\u00edn Orozco Sandoval que durante el mes de diciembre se registr\u00f3 una tasa de desocupaci\u00f3n laboral de 3.2 por ciento para nuestro estado, la menor del a\u00f1o 2019 y la m\u00e1s baja de los \u00faltimos 14 a\u00f1os en el mes de referencia.<\/p>\n<p dir=\"ltr\">El titular de la Sedec se\u00f1al\u00f3 que de acuerdo a los datos oportunos de desocupaci\u00f3n del Inegi, la tasa mensual promedio en los tres a\u00f1os de esta administraci\u00f3n estatal es de 3.6 por ciento, mientras que en el sexenio anterior el promedio fue de 6.3 por ciento en el mismo periodo.<\/p>\n<p dir=\"ltr\">Al respecto, detall\u00f3 que estos indicadores son resultado de las pol\u00edticas p\u00fablicas y normatividad que se han impulsado desde el Gobierno del Estado para fortalecer el ecosistema empresarial y, con ello, contribuir a la conservaci\u00f3n y creaci\u00f3n de empleos formales en beneficio de las familias de Aguascalientes.<\/p>\n<p dir=\"ltr\">Gonz\u00e1lez Mart\u00ednez asegur\u00f3 que desde la Sedec se dar\u00e1 continuidad y se reforzar\u00e1n las acciones que permitan incrementar la productividad y competitividad de las empresas instaladas en el estado, as\u00ed como el ofrecimiento de herramientas que eleven la competitividad del capital humano para acceder a mejores empleos.<\/p>\n<p dir=\"ltr\">Finalmente, mencion\u00f3 que en la presente administraci\u00f3n se acumulan 38 mil 490 nuevos empleos en la entidad, superando en mil 920 puestos de trabajo lo realizado en los tres primeros a\u00f1os de la administraci\u00f3n anterior.<\/p>\n","protected":false},"excerpt":{"rendered":"<p>En diciembre se registr\u00f3 una tasa de 3.2 por ciento, la menor de 2019 En los primeros tres a\u00f1os de la administraci\u00f3n estatal se han creado 38 mil 490 empleos formales: Sedec El secretario de Desarrollo Econ\u00f3mico, Manuel Alejandro Gonz\u00e1lez Mart\u00ednez, inform\u00f3 al gobernador Mart\u00edn Orozco Sandoval que durante el mes de diciembre se registr\u00f3 [&hellip;]<\/p>\n","protected":false},"author":1,"featured_media":2007,"comment_status":"closed","ping_status":"open","sticky":false,"template":"","format":"standard","meta":{"advanced_seo_description":"","jetpack_seo_html_title":"","jetpack_seo_noindex":false,"_jetpack_memberships_contains_paid_content":false,"footnotes":"","jetpack_publicize_message":"","jetpack_publicize_feature_enabled":true,"jetpack_social_post_already_shared":true,"jetpack_social_options":{"image_generator_settings":{"template":"highway","default_image_id":0,"font":"","enabled":false},"version":2}},"categories":[21,4],"tags":[22,31],"class_list":["post-2006","post","type-post","status-publish","format-standard","has-post-thumbnail","hentry","category-aguascalientes","category-gobierno-del-estado-aguascalientes","tag-aguascalientes","tag-mos"],"jetpack_publicize_connections":[],"jetpack_featured_media_url":"https:\/\/i0.wp.com\/informativoelvalledeaguascalientes.online\/wp-content\/uploads\/2020\/01\/goberM0S210120202.jpg?fit=1280%2C787&ssl=1","jetpack-related-posts":[],"jetpack_sharing_enabled":true,"jetpack_likes_enabled":true,"_links":{"self":[{"href":"https:\/\/informativoelvalledeaguascalientes.online\/index.php?rest_route=\/wp\/v2\/posts\/2006","targetHints":{"allow":["GET"]}}],"collection":[{"href":"https:\/\/informativoelvalledeaguascalientes.online\/index.php?rest_route=\/wp\/v2\/posts"}],"about":[{"href":"https:\/\/informativoelvalledeaguascalientes.online\/index.php?rest_route=\/wp\/v2\/types\/post"}],"author":[{"embeddable":true,"href":"https:\/\/informativoelvalledeaguascalientes.online\/index.php?rest_route=\/wp\/v2\/users\/1"}],"replies":[{"embeddable":true,"href":"https:\/\/informativoelvalledeaguascalientes.online\/index.php?rest_route=%2Fwp%2Fv2%2Fcomments&post=2006"}],"version-history":[{"count":1,"href":"https:\/\/informativoelvalledeaguascalientes.online\/index.php?rest_route=\/wp\/v2\/posts\/2006\/revisions"}],"predecessor-version":[{"id":2008,"href":"https:\/\/informativoelvalledeaguascalientes.online\/index.php?rest_route=\/wp\/v2\/posts\/2006\/revisions\/2008"}],"wp:featuredmedia":[{"embeddable":true,"href":"https:\/\/informativoelvalledeaguascalientes.online\/index.php?rest_route=\/wp\/v2\/media\/2007"}],"wp:attachment":[{"href":"https:\/\/informativoelvalledeaguascalientes.online\/index.php?rest_route=%2Fwp%2Fv2%2Fmedia&parent=2006"}],"wp:term":[{"taxonomy":"category","embeddable":true,"href":"https:\/\/informativoelvalledeaguascalientes.online\/index.php?rest_route=%2Fwp%2Fv2%2Fcategories&post=2006"},{"taxonomy":"post_tag","embeddable":true,"href":"https:\/\/informativoelvalledeaguascalientes.online\/index.php?rest_route=%2Fwp%2Fv2%2Ftags&post=2006"}],"curies":[{"name":"wp","href":"https:\/\/api.w.org\/{rel}","templated":true}]}}