{"id":20056,"date":"2021-05-30T20:51:41","date_gmt":"2021-05-31T02:51:41","guid":{"rendered":"https:\/\/informativoelvalledeaguascalientes.online\/?p=20056"},"modified":"2021-05-30T20:51:41","modified_gmt":"2021-05-31T02:51:41","slug":"en-aguascalientes-este-6-de-junio-se-escribira-una-historia-memorable-baez-leos","status":"publish","type":"post","link":"https:\/\/informativoelvalledeaguascalientes.online\/?p=20056","title":{"rendered":"EN AGUASCALIENTES ESTE 6 DE JUNIO SE ESCRIBIR\u00c1 UNA HISTORIA MEMORABLE:\u00a0B\u00c1EZ LEOS"},"content":{"rendered":"<p style=\"font-weight: 400;\">\n<p style=\"font-weight: 400;\"><strong> #informativoelvalledeaguascalientes , #novaradioaguascalientes<br \/>\n<\/strong><\/p>\n<p style=\"font-weight: 400;\"><strong>\u00a0<\/strong><\/p>\n<ul>\n<li style=\"font-weight: 400;\"><strong>En Aguascalientes se hacen bien las cosas y estamos contagiando al pa\u00eds, porque ya les dijimos c\u00f3mo se debe de gobernar<\/strong><strong>.<\/strong><\/li>\n<\/ul>\n<p style=\"font-weight: 400;\">\n<ul>\n<li style=\"font-weight: 400;\"><strong>Aguascalientes ser\u00e1 punta de lanza para los cambios que habr\u00e1 en el pa\u00eds<\/strong><strong>.<\/strong><\/li>\n<\/ul>\n<p style=\"font-weight: 400;\">\n<p style=\"font-weight: 400;\">\n<p style=\"font-weight: 400;\">\u00a0\u00a0 Espectacular cierre de la campa\u00f1a fue el que se registr\u00f3 esta noche en la Exedra donde estuvieron presentes las y los candidatos de la Coalici\u00f3n Por Aguascalientes quienes en medio de un ambiente de algarab\u00eda manifestaron confiar plenamente en la victoria este pr\u00f3ximo 6 de junio.<\/p>\n<p style=\"font-weight: 400;\">\n<p style=\"font-weight: 400;\">\u00a0\u00a0 El presidente del PAN en Aguascalientes, Gustavo B\u00e1ez Leos, se dijo convencido que este 6 de junio Aguascalientes har\u00e1 historia, porque esta campa\u00f1a ha sido de propuestas y de soluciones.<\/p>\n<p style=\"font-weight: 400;\">\n<p style=\"font-weight: 400;\">\u00a0\u00a0 \u201cAguascalientes dar\u00e1 esperanza al pa\u00eds ante la terrible situaci\u00f3n en la que se encuentra, porque somos un Aguascalientes fuerte que construye y con esta f\u00f3rmula ganadora la victoria esta segura\u201d, puntualiz\u00f3.<\/p>\n<p style=\"font-weight: 400;\">\n<p style=\"font-weight: 400;\">\u00a0\u00a0 B\u00e1ez Leos se dijo orgulloso del trabajo que todos y cada uno de los y las candidatas han realizado por todo el Estado, por lo que se mostr\u00f3 seguro de que el 6 de junio en Aguascalientes se escribir\u00e1 una historia memorable.<\/p>\n<p style=\"font-weight: 400;\">\n<p style=\"font-weight: 400;\">\u00a0\u00a0 \u201cEn Aguascalientes se hacen bien las cosas y estamos contagiando al pa\u00eds, porque ya les dijimos c\u00f3mo se debe de gobernar. Hemos visto rostros de esperanza, y emocionados porque quieren seguir siendo gobernados por Acci\u00f3n Nacional. Hoy todos sabemos que M\u00e9xico no va bien pero tambi\u00e9n sabemos que queda una esperanza que el PAN y PRD cambien el rumbo. Morena nos quit\u00f3 la salud, la seguridad y nosotros la vamos a recuperar\u201d, finaliz\u00f3.<\/p>\n<p style=\"font-weight: 400;\">\n<p style=\"font-weight: 400;\">\u00a0\u00a0 El presidente del PRD, Iv\u00e1n S\u00e1nchez N\u00e1jera dijo \u201choy estamos aqu\u00ed por un mejor Aguascalientes, un Aguascalientes con desarrollo econ\u00f3mico, con mejor movilidad, mejores salarios, un Aguascalientes igualitario, sin discriminaci\u00f3n, preocupado por el medio ambiente, queremos un Aguascalientes que apoye a los necesitados\u201d.<\/p>\n<p style=\"font-weight: 400;\">\n<p style=\"font-weight: 400;\">\u00a0\u00a0 Iv\u00e1n S\u00e1nchez mencion\u00f3 que el PRD es amigo y aliado, por lo que juntos PAN y PRD, van a tener excelentes gobiernos, porque las y los candidatos han dado una muestra de responsabilidad, con buenas propuestas.<\/p>\n<p style=\"font-weight: 400;\">\n<p style=\"font-weight: 400;\">\u00a0 \u201cSin duda esta fue la mejor campa\u00f1a y el mejor gobierno. Que viva el PAN, que viva el PRD, que vivan nuestros candidatos, que viva Aguascalientes\u201d, finaliz\u00f3.<\/p>\n<p style=\"font-weight: 400;\">\n<p style=\"font-weight: 400;\">\u00a0\u00a0 La candidata a diputada local por el distrito IX, Alma Hilda coment\u00f3, que las y los candidatos hasta el d\u00eda de hoy tienen un gran camino recorrido, porque se han dedicado a tocar puertas y a escuchar a la gente, por lo que no hay duda de que este 6 de junio Aguascalientes ser\u00e1 un ejemplo a nivel nacional.<\/p>\n<p style=\"font-weight: 400;\">\n<p style=\"font-weight: 400;\">\u00a0\u00a0 \u201cHoy estamos convencidos de que la Coalici\u00f3n por Aguascalientes encabezar\u00e1 los trabajos legislativos de los pr\u00f3ximos 3 a\u00f1os, y por ello vamos a redoblar esfuerzos que no se qued\u00e9 una calle sin caminar, una puerta sin tocar y un vecino con qui\u00e9n hablar porque este es un momento hist\u00f3rico\u201d, se\u00f1al\u00f3<\/p>\n<p style=\"font-weight: 400;\">\n<p style=\"font-weight: 400;\">\u00a0\u00a0 Para finalizar, el candidato por la alcald\u00eda, Leo Monta\u00f1ez, se dijo seguro de que Aguascalientes ser\u00e1 punta de lanza para los cambios que habr\u00e1 en el pa\u00eds y que est\u00e1n a punto de terminar una jornada de esfuerzos y sacrificios, lo cual se ver\u00e1 reflejado en las urnas este pr\u00f3ximo 6 de junio.<\/p>\n<p style=\"font-weight: 400;\">\n<p style=\"font-weight: 400;\">\u00a0\u00a0 \u201cHemos recorrido todo el municipio de Aguascalientes para acercarnos, entendernos y comprendernos, a todos y a todas nos une la lucha y el prop\u00f3sito de darle a nuestras familias una vida mejor y una vida digna por lo que seguiremos trabajando por un Aguascalientes seguro, saludable y sustentable para hacer de Aguascalientes un municipio innovador\u201d, enfatiz\u00f3<\/p>\n<p style=\"font-weight: 400;\">\n<p style=\"font-weight: 400;\">\u00a0\u00a0 Leo Monta\u00f1ez dijo que se a una semana de la elecci\u00f3n m\u00e1s importante de la historia todas y todos han realizado una campa\u00f1a de propuestas porque es lo que la gente quiere, porque las buenas acciones tienen su recompensa y juntos lo vamos a lograr.<\/p>\n","protected":false},"excerpt":{"rendered":"<p>#informativoelvalledeaguascalientes , #novaradioaguascalientes \u00a0 En Aguascalientes se hacen bien las cosas y estamos contagiando al pa\u00eds, porque ya les dijimos c\u00f3mo se debe de gobernar. Aguascalientes ser\u00e1 punta de lanza para los cambios que habr\u00e1 en el pa\u00eds. \u00a0\u00a0 Espectacular cierre de la campa\u00f1a fue el que se registr\u00f3 esta noche en la Exedra donde [&hellip;]<\/p>\n","protected":false},"author":1,"featured_media":20057,"comment_status":"closed","ping_status":"open","sticky":false,"template":"","format":"standard","meta":{"advanced_seo_description":"","jetpack_seo_html_title":"","jetpack_seo_noindex":false,"_jetpack_memberships_contains_paid_content":false,"footnotes":"","jetpack_publicize_message":"","jetpack_publicize_feature_enabled":true,"jetpack_social_post_already_shared":true,"jetpack_social_options":{"image_generator_settings":{"template":"highway","default_image_id":0,"font":"","enabled":false},"version":2}},"categories":[21,4],"tags":[22,23,40],"class_list":["post-20056","post","type-post","status-publish","format-standard","has-post-thumbnail","hentry","category-aguascalientes","category-gobierno-del-estado-aguascalientes","tag-aguascalientes","tag-pan-aguascalientes","tag-prd-aguascalientes"],"jetpack_publicize_connections":[],"jetpack_featured_media_url":"https:\/\/i0.wp.com\/informativoelvalledeaguascalientes.online\/wp-content\/uploads\/2021\/05\/WhatsApp-Image-2021-05-29-at-10.29.08-PM-1.jpeg?fit=1280%2C853&ssl=1","jetpack-related-posts":[],"jetpack_sharing_enabled":true,"jetpack_likes_enabled":true,"_links":{"self":[{"href":"https:\/\/informativoelvalledeaguascalientes.online\/index.php?rest_route=\/wp\/v2\/posts\/20056","targetHints":{"allow":["GET"]}}],"collection":[{"href":"https:\/\/informativoelvalledeaguascalientes.online\/index.php?rest_route=\/wp\/v2\/posts"}],"about":[{"href":"https:\/\/informativoelvalledeaguascalientes.online\/index.php?rest_route=\/wp\/v2\/types\/post"}],"author":[{"embeddable":true,"href":"https:\/\/informativoelvalledeaguascalientes.online\/index.php?rest_route=\/wp\/v2\/users\/1"}],"replies":[{"embeddable":true,"href":"https:\/\/informativoelvalledeaguascalientes.online\/index.php?rest_route=%2Fwp%2Fv2%2Fcomments&post=20056"}],"version-history":[{"count":1,"href":"https:\/\/informativoelvalledeaguascalientes.online\/index.php?rest_route=\/wp\/v2\/posts\/20056\/revisions"}],"predecessor-version":[{"id":20058,"href":"https:\/\/informativoelvalledeaguascalientes.online\/index.php?rest_route=\/wp\/v2\/posts\/20056\/revisions\/20058"}],"wp:featuredmedia":[{"embeddable":true,"href":"https:\/\/informativoelvalledeaguascalientes.online\/index.php?rest_route=\/wp\/v2\/media\/20057"}],"wp:attachment":[{"href":"https:\/\/informativoelvalledeaguascalientes.online\/index.php?rest_route=%2Fwp%2Fv2%2Fmedia&parent=20056"}],"wp:term":[{"taxonomy":"category","embeddable":true,"href":"https:\/\/informativoelvalledeaguascalientes.online\/index.php?rest_route=%2Fwp%2Fv2%2Fcategories&post=20056"},{"taxonomy":"post_tag","embeddable":true,"href":"https:\/\/informativoelvalledeaguascalientes.online\/index.php?rest_route=%2Fwp%2Fv2%2Ftags&post=20056"}],"curies":[{"name":"wp","href":"https:\/\/api.w.org\/{rel}","templated":true}]}}