{"id":198,"date":"2019-11-24T23:36:21","date_gmt":"2019-11-25T05:36:21","guid":{"rendered":"http:\/\/informativoelvalledeaguascalientes.online\/?p=198"},"modified":"2019-11-24T23:36:21","modified_gmt":"2019-11-25T05:36:21","slug":"hablando-con-hombres-realizan-jornada-para-erradicar-la-violencia-contra-la-mujer","status":"publish","type":"post","link":"https:\/\/informativoelvalledeaguascalientes.online\/?p=198","title":{"rendered":"Hablando con hombres, realizan jornada para erradicar la violencia contra la mujer"},"content":{"rendered":"<p>\u2022 Representantes del PRD, encabezados por la regidora de la capital, realizaron un di\u00e1logo de sensibilizaci\u00f3n con hombres.<br \/>\n\u2022 Exigen aplicaci\u00f3n de protocolos, investigaciones efectivas, tipificar el transfeminicidio y que se cumpla con que cualquier homicidio de mujeres sea investigado como feminicidio.<\/p>\n<p>En el marco del Internacional de la Eliminaci\u00f3n de la Violencia contra la Mujer, representantes del PRD encabezados por San Juana Mart\u00ednez realizaron una jornada de sensibilizaci\u00f3n en el andador Arturo J. Pani, en Expo Plaza. Dialogaron con los transe\u00fantes del lugar, principalmente con hombres, informando sobre las cifras tan altas de violencia que hay hacia la mujer en Aguascalientes, y resaltando la responsabilidad que deben asumir los hombres para erradicar tan lamentable situaci\u00f3n.<br \/>\nDestaca que en Aguascalientes el 73% de las mujeres mayores de 15 a\u00f1os han sufrido alg\u00fan tipo de violencia, siendo el tercer estado del pa\u00eds m\u00e1s violento hacia la mujer, violencia que puede terminar en la muerte. Durante 2019 en el municipio de Aguascalientes ha habido al menos 3 feminicidios y m\u00e1s de 1300 delitos de violencia familiar.<br \/>\nEn palabras de San Juana Mart\u00ednez, regidora por el PRD se pens\u00f3 en enfocar esta jornada en los hombres \u201cpues las mujeres somos las v\u00edctimas de la violencia y quienes hemos intentado erradicarla, pero los principales agresores son los hombres, por lo que es necesario que enfoquemos acciones hacia ellos, para hacerlos conscientes de la violencia que ejercer, c\u00f3mo la pueden evitar y volverlos aliados en una lucha que nos debe corresponder a todos\u201d.<br \/>\nDe acuerdo con la perredista, la tercera parte de las agresiones se da por parte de la pareja sentimental de las mujeres, y el resto en su mayor\u00eda se da por hombres agresores. Por lo que exhort\u00f3 al sistema de justicia a que \u201capliquen los protocolos necesarios para garantizar sanciones a los agresores, as\u00ed como al poder legislativo a hacer una revisi\u00f3n exhaustiva de la ley con una perspectiva de g\u00e9nero\u201d.<br \/>\nAsimismo, y a nombre del PRD, San Juana Mart\u00ednez exigi\u00f3 sanciones ejemplares a los servidores p\u00fablicos que violenten a las mujeres, la aplicaci\u00f3n de protocolos, la investigaci\u00f3n efectiva de todas denuncias por violencia, la tipificaci\u00f3n del transfeminicidio, as\u00ed como que cualquier suicidio y homicidio de mujeres sea investigado primero como feminicidio.<\/p>\n<div class=\"yj6qo\"><\/div>\n","protected":false},"excerpt":{"rendered":"<p>\u2022 Representantes del PRD, encabezados por la regidora de la capital, realizaron un di\u00e1logo de sensibilizaci\u00f3n con hombres. \u2022 Exigen aplicaci\u00f3n de protocolos, investigaciones efectivas, tipificar el transfeminicidio y que se cumpla con que cualquier homicidio de mujeres sea investigado como feminicidio. En el marco del Internacional de la Eliminaci\u00f3n de la Violencia contra la [&hellip;]<\/p>\n","protected":false},"author":1,"featured_media":199,"comment_status":"open","ping_status":"open","sticky":false,"template":"","format":"standard","meta":{"advanced_seo_description":"","jetpack_seo_html_title":"","jetpack_seo_noindex":false,"_jetpack_memberships_contains_paid_content":false,"footnotes":"","jetpack_publicize_message":"","jetpack_publicize_feature_enabled":true,"jetpack_social_post_already_shared":false,"jetpack_social_options":{"image_generator_settings":{"template":"highway","default_image_id":0,"font":"","enabled":false},"version":2}},"categories":[21,3,6,8],"tags":[22,40],"class_list":["post-198","post","type-post","status-publish","format-standard","has-post-thumbnail","hentry","category-aguascalientes","category-municipio-aguascalientes","category-partidos-politicos","category-prd-aguascalientes","tag-aguascalientes","tag-prd-aguascalientes"],"jetpack_publicize_connections":[],"jetpack_featured_media_url":"https:\/\/i0.wp.com\/informativoelvalledeaguascalientes.online\/wp-content\/uploads\/2019\/11\/regidora24112019.jpg?fit=776%2C582&ssl=1","jetpack-related-posts":[],"jetpack_sharing_enabled":true,"jetpack_likes_enabled":true,"_links":{"self":[{"href":"https:\/\/informativoelvalledeaguascalientes.online\/index.php?rest_route=\/wp\/v2\/posts\/198","targetHints":{"allow":["GET"]}}],"collection":[{"href":"https:\/\/informativoelvalledeaguascalientes.online\/index.php?rest_route=\/wp\/v2\/posts"}],"about":[{"href":"https:\/\/informativoelvalledeaguascalientes.online\/index.php?rest_route=\/wp\/v2\/types\/post"}],"author":[{"embeddable":true,"href":"https:\/\/informativoelvalledeaguascalientes.online\/index.php?rest_route=\/wp\/v2\/users\/1"}],"replies":[{"embeddable":true,"href":"https:\/\/informativoelvalledeaguascalientes.online\/index.php?rest_route=%2Fwp%2Fv2%2Fcomments&post=198"}],"version-history":[{"count":1,"href":"https:\/\/informativoelvalledeaguascalientes.online\/index.php?rest_route=\/wp\/v2\/posts\/198\/revisions"}],"predecessor-version":[{"id":200,"href":"https:\/\/informativoelvalledeaguascalientes.online\/index.php?rest_route=\/wp\/v2\/posts\/198\/revisions\/200"}],"wp:featuredmedia":[{"embeddable":true,"href":"https:\/\/informativoelvalledeaguascalientes.online\/index.php?rest_route=\/wp\/v2\/media\/199"}],"wp:attachment":[{"href":"https:\/\/informativoelvalledeaguascalientes.online\/index.php?rest_route=%2Fwp%2Fv2%2Fmedia&parent=198"}],"wp:term":[{"taxonomy":"category","embeddable":true,"href":"https:\/\/informativoelvalledeaguascalientes.online\/index.php?rest_route=%2Fwp%2Fv2%2Fcategories&post=198"},{"taxonomy":"post_tag","embeddable":true,"href":"https:\/\/informativoelvalledeaguascalientes.online\/index.php?rest_route=%2Fwp%2Fv2%2Ftags&post=198"}],"curies":[{"name":"wp","href":"https:\/\/api.w.org\/{rel}","templated":true}]}}