{"id":19761,"date":"2021-05-22T10:09:27","date_gmt":"2021-05-22T16:09:27","guid":{"rendered":"https:\/\/informativoelvalledeaguascalientes.online\/?p=19761"},"modified":"2021-05-22T10:09:27","modified_gmt":"2021-05-22T16:09:27","slug":"en-el-aniversario-luctuoso-de-carranza-gobierno-del-estado-ratifica-su-compromiso-con-las-instituciones","status":"publish","type":"post","link":"https:\/\/informativoelvalledeaguascalientes.online\/?p=19761","title":{"rendered":"EN EL ANIVERSARIO LUCTUOSO DE CARRANZA, GOBIERNO DEL ESTADO RATIFICA SU COMPROMISO CON LAS INSTITUCIONES"},"content":{"rendered":"<p style=\"font-weight: 400;\"><strong>#informativoelvalledeaguascalientes #novaradioaguascalientes<\/strong><\/p>\n<p style=\"font-weight: 400;\"><strong>\u00a0<\/strong><\/p>\n<ul>\n<li style=\"font-weight: 400;\"><strong><em>Llamado a las y los estudiantes para convertirse en ciudadanos responsables y proactivos<\/em><\/strong><\/li>\n<li style=\"font-weight: 400;\"><strong><em>Rechazo a cualquier tipo de intento por retornar al caudillismo, mismo que hist\u00f3ricamente ha sido superado: JMFF<\/em><\/strong><\/li>\n<\/ul>\n<p style=\"font-weight: 400;\"><strong><em>\u00a0<\/em><\/strong><\/p>\n<p style=\"font-weight: 400;\">Al presidir la ceremonia c\u00edvica conmemorativa por el 101\u00b0 Aniversario Luctuoso de Venustiano Carranza, el secretario general de Gobierno, Juan Manuel Flores Femat, expres\u00f3 que el Gobierno del Estado de Aguascalientes ratifica su compromiso y lealtad a las instituciones, as\u00ed como al Estado de Derecho, adem\u00e1s de emitir un rechazo a cualquier tipo de intento por retornar al caudillismo, mismo que hist\u00f3ricamente ha sido superado.<\/p>\n<p style=\"font-weight: 400;\">Durante la ceremonia que tuvo lugar en la Universidad Polit\u00e9cnica de Aguascalientes, el responsable de la pol\u00edtica interna del estado hizo un llamado a las y los estudiantes de la instituci\u00f3n, a comprometerse con sus actividades y ser ciudadanos responsables y proactivos, que participen abiertamente en el crecimiento de nuestra entidad, a trav\u00e9s de los diversos sectores sociales.<\/p>\n<p style=\"font-weight: 400;\">Finalmente, Flores Femat en su discurso como orador oficial de esta ceremonia, record\u00f3 la val\u00eda que el l\u00edder posrevolucionario tuvo para la historia de nuestro pa\u00eds, al ser \u00e9l quien convoc\u00f3 al constituyente para dar paso a la creaci\u00f3n de la Carta Magna que hoy nos rige como naci\u00f3n.<\/p>\n<p style=\"font-weight: 400;\">A la ceremonia tambi\u00e9n asistieron la magistrada presidenta del Supremo Tribunal de Justicia del Estado, Gabriela Espinosa Castorena; el presidente de la Diputaci\u00f3n Permanente del Congreso, el legislador Jorge Saucedo Gayt\u00e1n; el comandante de la XIV Zona Militar, General de Brigada D.E.M., Jorge Pedro Nieto S\u00e1nchez; y el rector de la UPA, Luis Carlos Ibarra Tejeda, quienes junto a las dem\u00e1s autoridades e invitados especiales montaron una guardia de honor para recordar la memoria de Venustiano Carranza.<\/p>\n<p style=\"font-weight: 400;\">\n","protected":false},"excerpt":{"rendered":"<p>#informativoelvalledeaguascalientes #novaradioaguascalientes \u00a0 Llamado a las y los estudiantes para convertirse en ciudadanos responsables y proactivos Rechazo a cualquier tipo de intento por retornar al caudillismo, mismo que hist\u00f3ricamente ha sido superado: JMFF \u00a0 Al presidir la ceremonia c\u00edvica conmemorativa por el 101\u00b0 Aniversario Luctuoso de Venustiano Carranza, el secretario general de Gobierno, Juan Manuel [&hellip;]<\/p>\n","protected":false},"author":1,"featured_media":19762,"comment_status":"closed","ping_status":"open","sticky":false,"template":"","format":"standard","meta":{"advanced_seo_description":"","jetpack_seo_html_title":"","jetpack_seo_noindex":false,"_jetpack_memberships_contains_paid_content":false,"footnotes":"","jetpack_publicize_message":"","jetpack_publicize_feature_enabled":true,"jetpack_social_post_already_shared":true,"jetpack_social_options":{"image_generator_settings":{"template":"highway","default_image_id":0,"font":"","enabled":false},"version":2}},"categories":[21,4],"tags":[22,51],"class_list":["post-19761","post","type-post","status-publish","format-standard","has-post-thumbnail","hentry","category-aguascalientes","category-gobierno-del-estado-aguascalientes","tag-aguascalientes","tag-seggob"],"jetpack_publicize_connections":[],"jetpack_featured_media_url":"https:\/\/i0.wp.com\/informativoelvalledeaguascalientes.online\/wp-content\/uploads\/2021\/05\/WhatsApp-Image-2021-05-21-at-12.21.56-PM-1.jpeg?fit=1280%2C703&ssl=1","jetpack-related-posts":[],"jetpack_sharing_enabled":true,"jetpack_likes_enabled":true,"_links":{"self":[{"href":"https:\/\/informativoelvalledeaguascalientes.online\/index.php?rest_route=\/wp\/v2\/posts\/19761","targetHints":{"allow":["GET"]}}],"collection":[{"href":"https:\/\/informativoelvalledeaguascalientes.online\/index.php?rest_route=\/wp\/v2\/posts"}],"about":[{"href":"https:\/\/informativoelvalledeaguascalientes.online\/index.php?rest_route=\/wp\/v2\/types\/post"}],"author":[{"embeddable":true,"href":"https:\/\/informativoelvalledeaguascalientes.online\/index.php?rest_route=\/wp\/v2\/users\/1"}],"replies":[{"embeddable":true,"href":"https:\/\/informativoelvalledeaguascalientes.online\/index.php?rest_route=%2Fwp%2Fv2%2Fcomments&post=19761"}],"version-history":[{"count":1,"href":"https:\/\/informativoelvalledeaguascalientes.online\/index.php?rest_route=\/wp\/v2\/posts\/19761\/revisions"}],"predecessor-version":[{"id":19763,"href":"https:\/\/informativoelvalledeaguascalientes.online\/index.php?rest_route=\/wp\/v2\/posts\/19761\/revisions\/19763"}],"wp:featuredmedia":[{"embeddable":true,"href":"https:\/\/informativoelvalledeaguascalientes.online\/index.php?rest_route=\/wp\/v2\/media\/19762"}],"wp:attachment":[{"href":"https:\/\/informativoelvalledeaguascalientes.online\/index.php?rest_route=%2Fwp%2Fv2%2Fmedia&parent=19761"}],"wp:term":[{"taxonomy":"category","embeddable":true,"href":"https:\/\/informativoelvalledeaguascalientes.online\/index.php?rest_route=%2Fwp%2Fv2%2Fcategories&post=19761"},{"taxonomy":"post_tag","embeddable":true,"href":"https:\/\/informativoelvalledeaguascalientes.online\/index.php?rest_route=%2Fwp%2Fv2%2Ftags&post=19761"}],"curies":[{"name":"wp","href":"https:\/\/api.w.org\/{rel}","templated":true}]}}