{"id":19754,"date":"2021-05-22T09:56:57","date_gmt":"2021-05-22T15:56:57","guid":{"rendered":"https:\/\/informativoelvalledeaguascalientes.online\/?p=19754"},"modified":"2021-05-22T09:56:57","modified_gmt":"2021-05-22T15:56:57","slug":"aguascalientes-pasa-a-semaforo-verde-anuncia-gobernador-martin-orozco","status":"publish","type":"post","link":"https:\/\/informativoelvalledeaguascalientes.online\/?p=19754","title":{"rendered":"AGUASCALIENTES PASA A SEM\u00c1FORO VERDE, ANUNCIA GOBERNADOR MART\u00cdN OROZCO\u00a0"},"content":{"rendered":"<p><strong>#informativoelvalledeaguascalientes #novaradioaguascalientes<\/strong><\/p>\n<p dir=\"ltr\">\n<ul>\n<li dir=\"ltr\">\n<p dir=\"ltr\">Regreso a las clases presenciales: 7 de junio para educaci\u00f3n b\u00e1sica, y a partir de la pr\u00f3xima semana nivel medio y superior<\/p>\n<\/li>\n<li dir=\"ltr\">\n<p dir=\"ltr\">Llama gobernador a las y los aguascalentenses a no bajar la guardia y mantener todas las medidas sanitarias<\/p>\n<\/li>\n<\/ul>\n<p dir=\"ltr\">Gracias al trabajo colaborativo entre todas las instituciones de salud de la entidad, la voluntad de la sociedad, as\u00ed como al apoyo de empresarios, comerciantes y otros sectores econ\u00f3micos, Aguascalientes pasa a color verde en el sem\u00e1foro epidemiol\u00f3gico nacional de acuerdo a un documento oficial emitido por la Secretar\u00eda de Salud Federal, anunci\u00f3 el gobernador Mart\u00edn Orozco Sandoval.<\/p>\n<p dir=\"ltr\">Acompa\u00f1ado por autoridades del ISSEA, IMSS e ISSSTE, el mandatario estatal se\u00f1al\u00f3 que esta buena noticia permitir\u00e1 la reactivaci\u00f3n de otras actividades, una de las m\u00e1s importantes ser\u00e1 regreso a clases presenciales para preescolar, primaria y secundaria el pr\u00f3ximo 7 de junio; y para bachilleratos y universidades a partir de la semana siguiente.<\/p>\n<p dir=\"ltr\">Orozco Sandoval se\u00f1al\u00f3 que se est\u00e1 cumpliendo con lo acordado para un regreso a clases presenciales; primero el sem\u00e1foro verde, segundo la vacunaci\u00f3n a todo el personal educativo, y tercero la voluntad que existe por parte del magisterio de Aguascalientes que, sin duda, se encuentran listos para este retorno.<\/p>\n<p dir=\"ltr\">Por otro lado, enfatiz\u00f3 que la decisi\u00f3n para volver a las aulas ser\u00e1 voluntaria para madres y padres de familia, sin embargo, el gobernador asegur\u00f3 que pueden tener la confianza de que el Instituto de Educaci\u00f3n se encuentra preparado para asegurar las condiciones y entornos seguros para todas y todos.<\/p>\n<p dir=\"ltr\">Finalmente enfatiz\u00f3 que esta condici\u00f3n no es definitiva para el estado, por lo que llam\u00f3 a las y los aguascalentenses a no bajar la guardia y mantener todas las medidas sanitarias para salvaguardar la vida de quienes les rodean.<\/p>\n<p dir=\"ltr\">Durante su intervenci\u00f3n, Ulises Reyes Esparza, director del Instituto de Educaci\u00f3n de Aguascalientes (IEA), indic\u00f3 que en Aguascalientes se inmuniz\u00f3 al 100 por ciento de la poblaci\u00f3n educativa con la aplicaci\u00f3n de m\u00e1s de 35 mil 800 vacunas, incluidos maestros y maestras, personal administrativo y padres y madres de familia que integran los Consejos Participativos de Salud.<\/p>\n<p dir=\"ltr\">El funcionario explic\u00f3 que con el paso al sem\u00e1foro verde, del lunes 24 al viernes 28 de mayo, en la entidad se activa la fase intensiva del Consejos T\u00e9cnico Escolar, en el que cada instituci\u00f3n educativa tomar\u00e1n la decisi\u00f3n de los d\u00edas y horas que deber\u00e1n asistir a clases, siendo la recomendaci\u00f3n de la autoridad que los grupos no excedan el 40 por ciento del total de estudiantes; durante este mismo periodo, el IEA reforzar\u00e1 los operativos de mantenimiento en el total de los planteles educativos.<\/p>\n<p dir=\"ltr\">A\u00f1adi\u00f3 que del lunes 31 de mayo al viernes 4 de junio, se realizar\u00e1 la jornada masiva de sanitizaci\u00f3n en todas las instituciones del estado y comenzar\u00e1 una estrategia de difusi\u00f3n para informar a los padres de familia sobre los protocolos sanitarios que deber\u00e1n realizarse antes, durante y despu\u00e9s de cada actividad educativa, social, cultural y deportiva que se realicen en las instituciones educativas.<\/p>\n<p dir=\"ltr\">Reyes Esparza explic\u00f3 que uno de los requisitos indispensables para que las y los estudiantes de primaria y secundaria retomen sus clases en las aulas es la entrega de una carta de responsabilidad de los asistentes, misma que ser\u00e1 firmada por el padre, madre o tutor del menor.<\/p>\n<p dir=\"ltr\">Por \u00faltimo, el funcionario expres\u00f3 que hoy viernes, m\u00e1s de 30 mil docentes de educaci\u00f3n b\u00e1sica de escuelas p\u00fablicas y particulares participan en la s\u00e9ptima sesi\u00f3n del Consejo T\u00e9cnico Escolar, en el que se aborda el tema de educaci\u00f3n socioemocional para diagnosticar las condiciones que presentan los y las estudiantes, adem\u00e1s de un panel de especialistas que compartir\u00e1n estrategias para el regreso a la modalidad presencial.<\/p>\n","protected":false},"excerpt":{"rendered":"<p>#informativoelvalledeaguascalientes #novaradioaguascalientes Regreso a las clases presenciales: 7 de junio para educaci\u00f3n b\u00e1sica, y a partir de la pr\u00f3xima semana nivel medio y superior Llama gobernador a las y los aguascalentenses a no bajar la guardia y mantener todas las medidas sanitarias Gracias al trabajo colaborativo entre todas las instituciones de salud de la entidad, [&hellip;]<\/p>\n","protected":false},"author":1,"featured_media":19755,"comment_status":"closed","ping_status":"open","sticky":false,"template":"","format":"standard","meta":{"advanced_seo_description":"","jetpack_seo_html_title":"","jetpack_seo_noindex":false,"_jetpack_memberships_contains_paid_content":false,"footnotes":"","jetpack_publicize_message":"","jetpack_publicize_feature_enabled":true,"jetpack_social_post_already_shared":true,"jetpack_social_options":{"image_generator_settings":{"template":"highway","default_image_id":0,"font":"","enabled":false},"version":2}},"categories":[21,4],"tags":[22,39,30],"class_list":["post-19754","post","type-post","status-publish","format-standard","has-post-thumbnail","hentry","category-aguascalientes","category-gobierno-del-estado-aguascalientes","tag-aguascalientes","tag-iea","tag-issea"],"jetpack_publicize_connections":[],"jetpack_featured_media_url":"https:\/\/i0.wp.com\/informativoelvalledeaguascalientes.online\/wp-content\/uploads\/2021\/05\/WhatsApp-Image-2021-05-21-at-10.59.09-AM.jpeg?fit=1600%2C1066&ssl=1","jetpack-related-posts":[],"jetpack_sharing_enabled":true,"jetpack_likes_enabled":true,"_links":{"self":[{"href":"https:\/\/informativoelvalledeaguascalientes.online\/index.php?rest_route=\/wp\/v2\/posts\/19754","targetHints":{"allow":["GET"]}}],"collection":[{"href":"https:\/\/informativoelvalledeaguascalientes.online\/index.php?rest_route=\/wp\/v2\/posts"}],"about":[{"href":"https:\/\/informativoelvalledeaguascalientes.online\/index.php?rest_route=\/wp\/v2\/types\/post"}],"author":[{"embeddable":true,"href":"https:\/\/informativoelvalledeaguascalientes.online\/index.php?rest_route=\/wp\/v2\/users\/1"}],"replies":[{"embeddable":true,"href":"https:\/\/informativoelvalledeaguascalientes.online\/index.php?rest_route=%2Fwp%2Fv2%2Fcomments&post=19754"}],"version-history":[{"count":1,"href":"https:\/\/informativoelvalledeaguascalientes.online\/index.php?rest_route=\/wp\/v2\/posts\/19754\/revisions"}],"predecessor-version":[{"id":19756,"href":"https:\/\/informativoelvalledeaguascalientes.online\/index.php?rest_route=\/wp\/v2\/posts\/19754\/revisions\/19756"}],"wp:featuredmedia":[{"embeddable":true,"href":"https:\/\/informativoelvalledeaguascalientes.online\/index.php?rest_route=\/wp\/v2\/media\/19755"}],"wp:attachment":[{"href":"https:\/\/informativoelvalledeaguascalientes.online\/index.php?rest_route=%2Fwp%2Fv2%2Fmedia&parent=19754"}],"wp:term":[{"taxonomy":"category","embeddable":true,"href":"https:\/\/informativoelvalledeaguascalientes.online\/index.php?rest_route=%2Fwp%2Fv2%2Fcategories&post=19754"},{"taxonomy":"post_tag","embeddable":true,"href":"https:\/\/informativoelvalledeaguascalientes.online\/index.php?rest_route=%2Fwp%2Fv2%2Ftags&post=19754"}],"curies":[{"name":"wp","href":"https:\/\/api.w.org\/{rel}","templated":true}]}}