{"id":19739,"date":"2021-05-20T22:41:14","date_gmt":"2021-05-21T04:41:14","guid":{"rendered":"https:\/\/informativoelvalledeaguascalientes.online\/?p=19739"},"modified":"2021-05-20T22:41:14","modified_gmt":"2021-05-21T04:41:14","slug":"leo-montanez-visito-la-asociacion-civil-fray-escoba","status":"publish","type":"post","link":"https:\/\/informativoelvalledeaguascalientes.online\/?p=19739","title":{"rendered":"LEO MONTA\u00d1EZ VISIT\u00d3 LA ASOCIACI\u00d3N CIVIL \u201cFRAY ESCOBA\u201d"},"content":{"rendered":"<p><strong>#informativoelvalledeaguascalientes , #novaradioaguascalientes<\/strong><\/p>\n<p>La ma\u00f1ana de este jueves Leo Monta\u00f1ez visit\u00f3 la A.C. Fray Escoba la cual se dedica a la fabricaci\u00f3n y comercializaci\u00f3n de trapeadores creados por j\u00f3venes con capacidades diferentes.<\/p>\n<p>Leo Monta\u00f1ez reconoci\u00f3 el gran esfuerzo y dedicaci\u00f3n que ponen d\u00eda con d\u00eda para salir adelante y les enfatiz\u00f3 que trabajar\u00e1 siempre cercano y de la mano con asociaciones civiles por un Aguascalientes m\u00e1s justo, m\u00e1s parejo y m\u00e1s humano.<\/p>\n<p>#NuestraPropiaHuella<\/p>\n","protected":false},"excerpt":{"rendered":"<p>#informativoelvalledeaguascalientes , #novaradioaguascalientes La ma\u00f1ana de este jueves Leo Monta\u00f1ez visit\u00f3 la A.C. Fray Escoba la cual se dedica a la fabricaci\u00f3n y comercializaci\u00f3n de trapeadores creados por j\u00f3venes con capacidades diferentes. Leo Monta\u00f1ez reconoci\u00f3 el gran esfuerzo y dedicaci\u00f3n que ponen d\u00eda con d\u00eda para salir adelante y les enfatiz\u00f3 que trabajar\u00e1 siempre cercano [&hellip;]<\/p>\n","protected":false},"author":1,"featured_media":19740,"comment_status":"closed","ping_status":"open","sticky":false,"template":"","format":"standard","meta":{"advanced_seo_description":"","jetpack_seo_html_title":"","jetpack_seo_noindex":false,"_jetpack_memberships_contains_paid_content":false,"footnotes":"","jetpack_publicize_message":"","jetpack_publicize_feature_enabled":true,"jetpack_social_post_already_shared":true,"jetpack_social_options":{"image_generator_settings":{"template":"highway","default_image_id":0,"font":"","enabled":false},"version":2}},"categories":[21,7],"tags":[22,232,429,23],"class_list":["post-19739","post","type-post","status-publish","format-standard","has-post-thumbnail","hentry","category-aguascalientes","category-pan-aguascalientes","tag-aguascalientes","tag-informacion-general","tag-leonardo-montanez-castro","tag-pan-aguascalientes"],"jetpack_publicize_connections":[],"jetpack_featured_media_url":"https:\/\/i0.wp.com\/informativoelvalledeaguascalientes.online\/wp-content\/uploads\/2021\/05\/41d84077-3bab-41f1-939f-02aa66f23098.jpg?fit=1577%2C1280&ssl=1","jetpack-related-posts":[],"jetpack_sharing_enabled":true,"jetpack_likes_enabled":true,"_links":{"self":[{"href":"https:\/\/informativoelvalledeaguascalientes.online\/index.php?rest_route=\/wp\/v2\/posts\/19739","targetHints":{"allow":["GET"]}}],"collection":[{"href":"https:\/\/informativoelvalledeaguascalientes.online\/index.php?rest_route=\/wp\/v2\/posts"}],"about":[{"href":"https:\/\/informativoelvalledeaguascalientes.online\/index.php?rest_route=\/wp\/v2\/types\/post"}],"author":[{"embeddable":true,"href":"https:\/\/informativoelvalledeaguascalientes.online\/index.php?rest_route=\/wp\/v2\/users\/1"}],"replies":[{"embeddable":true,"href":"https:\/\/informativoelvalledeaguascalientes.online\/index.php?rest_route=%2Fwp%2Fv2%2Fcomments&post=19739"}],"version-history":[{"count":1,"href":"https:\/\/informativoelvalledeaguascalientes.online\/index.php?rest_route=\/wp\/v2\/posts\/19739\/revisions"}],"predecessor-version":[{"id":19741,"href":"https:\/\/informativoelvalledeaguascalientes.online\/index.php?rest_route=\/wp\/v2\/posts\/19739\/revisions\/19741"}],"wp:featuredmedia":[{"embeddable":true,"href":"https:\/\/informativoelvalledeaguascalientes.online\/index.php?rest_route=\/wp\/v2\/media\/19740"}],"wp:attachment":[{"href":"https:\/\/informativoelvalledeaguascalientes.online\/index.php?rest_route=%2Fwp%2Fv2%2Fmedia&parent=19739"}],"wp:term":[{"taxonomy":"category","embeddable":true,"href":"https:\/\/informativoelvalledeaguascalientes.online\/index.php?rest_route=%2Fwp%2Fv2%2Fcategories&post=19739"},{"taxonomy":"post_tag","embeddable":true,"href":"https:\/\/informativoelvalledeaguascalientes.online\/index.php?rest_route=%2Fwp%2Fv2%2Ftags&post=19739"}],"curies":[{"name":"wp","href":"https:\/\/api.w.org\/{rel}","templated":true}]}}