{"id":19726,"date":"2021-05-20T21:49:44","date_gmt":"2021-05-21T03:49:44","guid":{"rendered":"https:\/\/informativoelvalledeaguascalientes.online\/?p=19726"},"modified":"2021-05-20T21:49:44","modified_gmt":"2021-05-21T03:49:44","slug":"participa-utna-en-el-coloquio-de-la-red-de-investigacion-aguascalientes-por-segundo-ano-consecutivo","status":"publish","type":"post","link":"https:\/\/informativoelvalledeaguascalientes.online\/?p=19726","title":{"rendered":"PARTICIPA UTNA EN EL COLOQUIO DE LA RED DE INVESTIGACI\u00d3N AGUASCALIENTES POR SEGUNDO A\u00d1O CONSECUTIVO\u00a0"},"content":{"rendered":"<p dir=\"ltr\"><strong>#informativoelvalledeaguascalientes , #novaradioaguascalientes<br \/>\n<\/strong><\/p>\n<p>&nbsp;<\/p>\n<ul>\n<li dir=\"ltr\">\n<p dir=\"ltr\">La instituci\u00f3n presenta ocho proyectos de investigaci\u00f3n relacionados a mejoras en materia de agricultura e ingenier\u00edas<\/p>\n<\/li>\n<li dir=\"ltr\">\n<p dir=\"ltr\">Son 18 docentes quienes representan a la UTNA; tres investigadores acuden a su segundo coloquio<\/p>\n<\/li>\n<\/ul>\n<p>&nbsp;<\/p>\n<p dir=\"ltr\">La Universidad Tecnol\u00f3gica del Norte de Aguascalientes (UTNA) participa, por segundo a\u00f1o consecutivo, en el Segundo Coloquio de la Red de Investigaci\u00f3n Aguascalientes, evento que se lleva a cabo los d\u00edas 20 y 21 de mayo, con el objetivo de promover y difundir los trabajos de investigaci\u00f3n realizados en la instituci\u00f3n.<\/p>\n<p>&nbsp;<\/p>\n<p dir=\"ltr\">Al respecto, la rectora de la UTNA, Mar\u00eda Ang\u00e9lica Mart\u00ednez D\u00edaz, se\u00f1al\u00f3 que la realizaci\u00f3n de estos eventos que organizan el Instituto de Educaci\u00f3n de Aguascalientes, el Instituto para el Desarrollo de la Sociedad del Conocimiento del Estado de Aguascalientes, a trav\u00e9s de la Red de investigadores de Aguascalientes (REDINAGS) y la Universidad Polit\u00e9cnica de Aguascalientes, que en esta edici\u00f3n fue la sede, fortalecen las actividades de investigaci\u00f3n en las instituciones educativas y los v\u00ednculos entre las universidades participantes.<\/p>\n<p>&nbsp;<\/p>\n<p dir=\"ltr\">Asimismo, Mart\u00ednez D\u00edaz destac\u00f3 la labor de los docentes que participan en el Coloquio, quienes presentar\u00e1n ocho proyectos de investigaci\u00f3n en temas principalmente relacionados a agricultura e ingenier\u00eda, adem\u00e1s de uno referente a la parte humanista en materia de psicopedagog\u00eda con enfoque al aprendizaje de los estudiantes durante la pandemia por COVID-19.<\/p>\n<p>&nbsp;<\/p>\n<p dir=\"ltr\">Cuatro de las ocho investigaciones ser\u00e1n presentadas como ponencias orales durante los dos d\u00edas del evento al que asisten 18 docentes de la Universidad Tecnol\u00f3gica del Norte de Aguascalientes, entre quienes se encuentran tres investigadores que participan en su segunda experiencia en el Coloquio de Investigaci\u00f3n, quienes adem\u00e1s fueron galardonados en la edici\u00f3n del a\u00f1o pasado que tuvo como sede la UTNA.<\/p>\n","protected":false},"excerpt":{"rendered":"<p>#informativoelvalledeaguascalientes , #novaradioaguascalientes &nbsp; La instituci\u00f3n presenta ocho proyectos de investigaci\u00f3n relacionados a mejoras en materia de agricultura e ingenier\u00edas Son 18 docentes quienes representan a la UTNA; tres investigadores acuden a su segundo coloquio &nbsp; La Universidad Tecnol\u00f3gica del Norte de Aguascalientes (UTNA) participa, por segundo a\u00f1o consecutivo, en el Segundo Coloquio de la [&hellip;]<\/p>\n","protected":false},"author":1,"featured_media":19727,"comment_status":"closed","ping_status":"open","sticky":false,"template":"","format":"standard","meta":{"advanced_seo_description":"","jetpack_seo_html_title":"","jetpack_seo_noindex":false,"_jetpack_memberships_contains_paid_content":false,"footnotes":"","jetpack_publicize_message":"","jetpack_publicize_feature_enabled":true,"jetpack_social_post_already_shared":true,"jetpack_social_options":{"image_generator_settings":{"template":"highway","default_image_id":0,"font":"","enabled":false},"version":2}},"categories":[21],"tags":[22,48],"class_list":["post-19726","post","type-post","status-publish","format-standard","has-post-thumbnail","hentry","category-aguascalientes","tag-aguascalientes","tag-utna"],"jetpack_publicize_connections":[],"jetpack_featured_media_url":"https:\/\/i0.wp.com\/informativoelvalledeaguascalientes.online\/wp-content\/uploads\/2021\/05\/coloquio-scaled.jpg?fit=2560%2C1707&ssl=1","jetpack-related-posts":[],"jetpack_sharing_enabled":true,"jetpack_likes_enabled":true,"_links":{"self":[{"href":"https:\/\/informativoelvalledeaguascalientes.online\/index.php?rest_route=\/wp\/v2\/posts\/19726","targetHints":{"allow":["GET"]}}],"collection":[{"href":"https:\/\/informativoelvalledeaguascalientes.online\/index.php?rest_route=\/wp\/v2\/posts"}],"about":[{"href":"https:\/\/informativoelvalledeaguascalientes.online\/index.php?rest_route=\/wp\/v2\/types\/post"}],"author":[{"embeddable":true,"href":"https:\/\/informativoelvalledeaguascalientes.online\/index.php?rest_route=\/wp\/v2\/users\/1"}],"replies":[{"embeddable":true,"href":"https:\/\/informativoelvalledeaguascalientes.online\/index.php?rest_route=%2Fwp%2Fv2%2Fcomments&post=19726"}],"version-history":[{"count":1,"href":"https:\/\/informativoelvalledeaguascalientes.online\/index.php?rest_route=\/wp\/v2\/posts\/19726\/revisions"}],"predecessor-version":[{"id":19728,"href":"https:\/\/informativoelvalledeaguascalientes.online\/index.php?rest_route=\/wp\/v2\/posts\/19726\/revisions\/19728"}],"wp:featuredmedia":[{"embeddable":true,"href":"https:\/\/informativoelvalledeaguascalientes.online\/index.php?rest_route=\/wp\/v2\/media\/19727"}],"wp:attachment":[{"href":"https:\/\/informativoelvalledeaguascalientes.online\/index.php?rest_route=%2Fwp%2Fv2%2Fmedia&parent=19726"}],"wp:term":[{"taxonomy":"category","embeddable":true,"href":"https:\/\/informativoelvalledeaguascalientes.online\/index.php?rest_route=%2Fwp%2Fv2%2Fcategories&post=19726"},{"taxonomy":"post_tag","embeddable":true,"href":"https:\/\/informativoelvalledeaguascalientes.online\/index.php?rest_route=%2Fwp%2Fv2%2Ftags&post=19726"}],"curies":[{"name":"wp","href":"https:\/\/api.w.org\/{rel}","templated":true}]}}