{"id":19717,"date":"2021-05-20T20:59:25","date_gmt":"2021-05-21T02:59:25","guid":{"rendered":"https:\/\/informativoelvalledeaguascalientes.online\/?p=19717"},"modified":"2021-05-20T20:59:25","modified_gmt":"2021-05-21T02:59:25","slug":"llama-mos-a-empresarios-a-hacer-equipo-por-la-recuperacion-del-pais","status":"publish","type":"post","link":"https:\/\/informativoelvalledeaguascalientes.online\/?p=19717","title":{"rendered":"LLAMA MOS A EMPRESARIOS A HACER EQUIPO POR LA RECUPERACI\u00d3N DEL PA\u00cdS"},"content":{"rendered":"<div dir=\"auto\"><strong>#informativoelvalledeaguascalientes , #novaradioaguascalientes<br \/>\n<\/strong><\/div>\n<div dir=\"auto\"><\/div>\n<div dir=\"auto\">En la reuni\u00f3n Baj\u00edo-Norte de Coparmex, el gobernador Mart\u00edn Orozco Sandoval reconoci\u00f3 la gran labor que esta organizaci\u00f3n ha hecho en el pa\u00eds a lo largo de 91 a\u00f1os, no solo en el rubro econ\u00f3mico, sino en el factor social y pol\u00edtico.<\/div>\n<div dir=\"auto\"><\/div>\n<div dir=\"auto\">Orozco Sandoval destac\u00f3 que empresarios y empresarias han contribuido en el estado y la regi\u00f3n, a la preservaci\u00f3n de la seguridad p\u00fablica, la fortaleza de la democracia y la defensa de las instituciones, remarcando la excelente relaci\u00f3n que se tiene con \u00e9stas, para trabajar coordinadamente en beneficio de las familias.<\/div>\n<div dir=\"auto\"><\/div>\n<div dir=\"auto\">Por su parte, el presidente nacional de Coparmex, Jos\u00e9 Medina Mora, se\u00f1al\u00f3 que se viven tiempos dif\u00edciles en el pa\u00eds y la empresa es un elemento fundamental para resolverlos desde\u00a0 la sociedad civil, por lo que la labor del empresariado es asumir una responsabilidad humanitaria y trabajar en conjunto.<\/div>\n<div dir=\"auto\"><\/div>\n<div dir=\"auto\">As\u00ed mismo, Juan Manuel \u00c1vila, presidente de Coparmex Aguascalientes, hizo patentes los valores de las y los socios de esta organizaci\u00f3n, para continuar fomentando un trabajo de largos a\u00f1os y que ha tra\u00eddo logros palpables.<\/div>\n","protected":false},"excerpt":{"rendered":"<p>#informativoelvalledeaguascalientes , #novaradioaguascalientes En la reuni\u00f3n Baj\u00edo-Norte de Coparmex, el gobernador Mart\u00edn Orozco Sandoval reconoci\u00f3 la gran labor que esta organizaci\u00f3n ha hecho en el pa\u00eds a lo largo de 91 a\u00f1os, no solo en el rubro econ\u00f3mico, sino en el factor social y pol\u00edtico. Orozco Sandoval destac\u00f3 que empresarios y empresarias han contribuido en [&hellip;]<\/p>\n","protected":false},"author":1,"featured_media":19718,"comment_status":"closed","ping_status":"open","sticky":false,"template":"","format":"standard","meta":{"advanced_seo_description":"","jetpack_seo_html_title":"","jetpack_seo_noindex":false,"_jetpack_memberships_contains_paid_content":false,"footnotes":"","jetpack_publicize_message":"","jetpack_publicize_feature_enabled":true,"jetpack_social_post_already_shared":true,"jetpack_social_options":{"image_generator_settings":{"template":"highway","default_image_id":0,"font":"","enabled":false},"version":2}},"categories":[21,4],"tags":[22,391,31],"class_list":["post-19717","post","type-post","status-publish","format-standard","has-post-thumbnail","hentry","category-aguascalientes","category-gobierno-del-estado-aguascalientes","tag-aguascalientes","tag-coparmex","tag-mos"],"jetpack_publicize_connections":[],"jetpack_featured_media_url":"https:\/\/i0.wp.com\/informativoelvalledeaguascalientes.online\/wp-content\/uploads\/2021\/05\/IMG-20210520-WA0042.jpg?fit=1600%2C968&ssl=1","jetpack-related-posts":[],"jetpack_sharing_enabled":true,"jetpack_likes_enabled":true,"_links":{"self":[{"href":"https:\/\/informativoelvalledeaguascalientes.online\/index.php?rest_route=\/wp\/v2\/posts\/19717","targetHints":{"allow":["GET"]}}],"collection":[{"href":"https:\/\/informativoelvalledeaguascalientes.online\/index.php?rest_route=\/wp\/v2\/posts"}],"about":[{"href":"https:\/\/informativoelvalledeaguascalientes.online\/index.php?rest_route=\/wp\/v2\/types\/post"}],"author":[{"embeddable":true,"href":"https:\/\/informativoelvalledeaguascalientes.online\/index.php?rest_route=\/wp\/v2\/users\/1"}],"replies":[{"embeddable":true,"href":"https:\/\/informativoelvalledeaguascalientes.online\/index.php?rest_route=%2Fwp%2Fv2%2Fcomments&post=19717"}],"version-history":[{"count":1,"href":"https:\/\/informativoelvalledeaguascalientes.online\/index.php?rest_route=\/wp\/v2\/posts\/19717\/revisions"}],"predecessor-version":[{"id":19719,"href":"https:\/\/informativoelvalledeaguascalientes.online\/index.php?rest_route=\/wp\/v2\/posts\/19717\/revisions\/19719"}],"wp:featuredmedia":[{"embeddable":true,"href":"https:\/\/informativoelvalledeaguascalientes.online\/index.php?rest_route=\/wp\/v2\/media\/19718"}],"wp:attachment":[{"href":"https:\/\/informativoelvalledeaguascalientes.online\/index.php?rest_route=%2Fwp%2Fv2%2Fmedia&parent=19717"}],"wp:term":[{"taxonomy":"category","embeddable":true,"href":"https:\/\/informativoelvalledeaguascalientes.online\/index.php?rest_route=%2Fwp%2Fv2%2Fcategories&post=19717"},{"taxonomy":"post_tag","embeddable":true,"href":"https:\/\/informativoelvalledeaguascalientes.online\/index.php?rest_route=%2Fwp%2Fv2%2Ftags&post=19717"}],"curies":[{"name":"wp","href":"https:\/\/api.w.org\/{rel}","templated":true}]}}