{"id":19621,"date":"2021-05-18T15:09:42","date_gmt":"2021-05-18T21:09:42","guid":{"rendered":"https:\/\/informativoelvalledeaguascalientes.online\/?p=19621"},"modified":"2021-05-18T15:09:42","modified_gmt":"2021-05-18T21:09:42","slug":"celebra-tono-martin-del-campo-suspension-de-reforma-a-ley-de-hidrocarburos-impulsada-por-el-gobierno-federal","status":"publish","type":"post","link":"https:\/\/informativoelvalledeaguascalientes.online\/?p=19621","title":{"rendered":"CELEBRA TO\u00d1O MART\u00cdN DEL CAMPO SUSPENSI\u00d3N DE REFORMA A LEY DE HIDROCARBUROS IMPULSADA POR EL GOBIERNO FEDERAL"},"content":{"rendered":"<p>#informativoelvalledeaguascalientes #novaradioaguascalientes<\/p>\n<ul>\n<li><strong>Con esta medida cautelar se dar\u00e1 un duro golpe a la 4T al suspender de forma indefinida los efectos y consecuencias de esta ley<\/strong><\/li>\n<li><strong>El principal objetivo de esta iniciativa es otorgar exclusividad a PEMEX en la venta de hidrocarburos <\/strong><\/li>\n<li><strong>De entrar en vigor esta reforma los mayores afectados ser\u00e1n las compa\u00f1\u00edas privadas autorizadas para importar, comercializar, distribuir y vender gasolinas, di\u00e9sel y otros combustibles<\/strong><\/li>\n<\/ul>\n<p>&nbsp;<\/p>\n<p>El Senador por Aguascalientes, To\u00f1o Mart\u00edn del Campo celebr\u00f3 la suspensi\u00f3n por tiempo indefinido y con efectos generales de la reforma a la Ley de Hidrocarburos impulsada por el Gobierno Federal publicada el pasado 4 de mayo en el Diario Oficial de la Federaci\u00f3n al tratarse de una iniciativa carente de normatividad.<\/p>\n<p>Mencion\u00f3 que luego de conocer la resoluci\u00f3n hecha por el titular del Juzgado Segundo de Distrito en materia Administrativa, especializado en Competencia Econ\u00f3mica, Radiodifusi\u00f3n y Telecomunicaciones, Juan Pablo G\u00f3mez Fierro, el legislador asegur\u00f3 que este fallo representar\u00e1 un golpe m\u00e1s a la 4T ya que se trata de modificaciones hechas a la medida y a su conveniencia, situaci\u00f3n que ya no debe ser permitida.<\/p>\n<p>Destac\u00f3 que el objetivo primordial de esta iniciativa es el de ofrecer a PEMEX y sus subsidiarios preponderancia para la venta de hidrocarburos, por lo que los principales afectados ser\u00edan las compa\u00f1\u00edas privadas autorizadas para la importaci\u00f3n, comercializaci\u00f3n, distribuci\u00f3n y venta de gasolinas, di\u00e9sel y otro tipo de combustibles.<\/p>\n<p>Se\u00f1al\u00f3 que durante la vigencia de esta medida cautelar, las autoridades responsables deber\u00e1n continuar aplicando el Art\u00edculo 57 en su texto original y abstenerse de emplear los art\u00edculos transitorios cuarto y sexto del Decreto cuestionado ya que de lo contrario se estar\u00eda generando un\u00a0 vac\u00edo normativo.<\/p>\n<p>Finalmente, To\u00f1o Mart\u00edn del Campo, reiter\u00f3 su inter\u00e9s por contribuir con las autoridades en la materia para frenar cualquier iniciativa que pueda representar un riesgo para el desarrollo de la sociedad en su conjunto por lo que desde su trinchera continuar\u00e1 impulsando propuestas y acciones que garanticen mejores condiciones de vida para las y los mexicanos<\/p>\n","protected":false},"excerpt":{"rendered":"<p>#informativoelvalledeaguascalientes #novaradioaguascalientes Con esta medida cautelar se dar\u00e1 un duro golpe a la 4T al suspender de forma indefinida los efectos y consecuencias de esta ley El principal objetivo de esta iniciativa es otorgar exclusividad a PEMEX en la venta de hidrocarburos De entrar en vigor esta reforma los mayores afectados ser\u00e1n las compa\u00f1\u00edas privadas [&hellip;]<\/p>\n","protected":false},"author":1,"featured_media":19622,"comment_status":"closed","ping_status":"open","sticky":false,"template":"","format":"standard","meta":{"advanced_seo_description":"","jetpack_seo_html_title":"","jetpack_seo_noindex":false,"_jetpack_memberships_contains_paid_content":false,"footnotes":"","jetpack_publicize_message":"","jetpack_publicize_feature_enabled":true,"jetpack_social_post_already_shared":true,"jetpack_social_options":{"image_generator_settings":{"template":"highway","default_image_id":0,"font":"","enabled":false},"version":2}},"categories":[21,19,7,6],"tags":[22,477,23,49],"class_list":["post-19621","post","type-post","status-publish","format-standard","has-post-thumbnail","hentry","category-aguascalientes","category-informacion-general","category-pan-aguascalientes","category-partidos-politicos","tag-aguascalientes","tag-informacion-geneeral","tag-pan-aguascalientes","tag-tono-martin-del-campo"],"jetpack_publicize_connections":[],"jetpack_featured_media_url":"https:\/\/i0.wp.com\/informativoelvalledeaguascalientes.online\/wp-content\/uploads\/2021\/05\/Senador-Tono-Martin-del-Campo.jpeg?fit=1280%2C848&ssl=1","jetpack-related-posts":[],"jetpack_sharing_enabled":true,"jetpack_likes_enabled":true,"_links":{"self":[{"href":"https:\/\/informativoelvalledeaguascalientes.online\/index.php?rest_route=\/wp\/v2\/posts\/19621","targetHints":{"allow":["GET"]}}],"collection":[{"href":"https:\/\/informativoelvalledeaguascalientes.online\/index.php?rest_route=\/wp\/v2\/posts"}],"about":[{"href":"https:\/\/informativoelvalledeaguascalientes.online\/index.php?rest_route=\/wp\/v2\/types\/post"}],"author":[{"embeddable":true,"href":"https:\/\/informativoelvalledeaguascalientes.online\/index.php?rest_route=\/wp\/v2\/users\/1"}],"replies":[{"embeddable":true,"href":"https:\/\/informativoelvalledeaguascalientes.online\/index.php?rest_route=%2Fwp%2Fv2%2Fcomments&post=19621"}],"version-history":[{"count":1,"href":"https:\/\/informativoelvalledeaguascalientes.online\/index.php?rest_route=\/wp\/v2\/posts\/19621\/revisions"}],"predecessor-version":[{"id":19623,"href":"https:\/\/informativoelvalledeaguascalientes.online\/index.php?rest_route=\/wp\/v2\/posts\/19621\/revisions\/19623"}],"wp:featuredmedia":[{"embeddable":true,"href":"https:\/\/informativoelvalledeaguascalientes.online\/index.php?rest_route=\/wp\/v2\/media\/19622"}],"wp:attachment":[{"href":"https:\/\/informativoelvalledeaguascalientes.online\/index.php?rest_route=%2Fwp%2Fv2%2Fmedia&parent=19621"}],"wp:term":[{"taxonomy":"category","embeddable":true,"href":"https:\/\/informativoelvalledeaguascalientes.online\/index.php?rest_route=%2Fwp%2Fv2%2Fcategories&post=19621"},{"taxonomy":"post_tag","embeddable":true,"href":"https:\/\/informativoelvalledeaguascalientes.online\/index.php?rest_route=%2Fwp%2Fv2%2Ftags&post=19621"}],"curies":[{"name":"wp","href":"https:\/\/api.w.org\/{rel}","templated":true}]}}