{"id":19615,"date":"2021-05-18T15:04:05","date_gmt":"2021-05-18T21:04:05","guid":{"rendered":"https:\/\/informativoelvalledeaguascalientes.online\/?p=19615"},"modified":"2021-05-18T15:04:05","modified_gmt":"2021-05-18T21:04:05","slug":"jose-arellano-y-el-chevron-havoline-racing-team-al-podio-en-aguascalientes","status":"publish","type":"post","link":"https:\/\/informativoelvalledeaguascalientes.online\/?p=19615","title":{"rendered":"Jos\u00e9 Arellano y el Chevron Havoline Racing Team, al podio en Aguascalientes"},"content":{"rendered":"<p>#informativoelvalledeaguascalientes #novaradioaguascalientes<\/p>\n<p style=\"font-weight: 400;\">Un re\u00f1ido fin de semana fue el que vivi\u00f3 Jos\u00e9 Arellano en la<strong>\u00a0Copa Mercedes-Benz<\/strong>\u00a0junto al\u00a0<strong>Chevron Havoline Racing Team \u2013 Big Auto Los Grandes en Refacciones<\/strong>, saliendo del aut\u00f3dromo de Aguascalientes con un nuevo podio y Top-5 general en el regreso de la afici\u00f3n a las gradas ante un clima extenuante en tierras hidroc\u00e1lidas.<\/p>\n<p style=\"font-weight: 400;\">\n<p style=\"font-weight: 400;\">Pasado el mediod\u00eda del domingo, Jos\u00e9 Arellano ten\u00eda un buen primer hit con el auto #29<strong>\u00a0Chevron Havoline \u2013 Big Auto Los Grandes en Refacciones<\/strong>, en la categor\u00eda Pro2 de la\u00a0<strong>Copa Mercedes-Benz<\/strong>, con un ritmo que lo mantuvo durante un buen lapso de los 50 minutos de competencia rodando en la tercera posici\u00f3n general; sin embargo, en un cierre complicado se quedar\u00eda con el segundo sitio de los Pro2 y un 5to general.<\/p>\n<p style=\"font-weight: 400;\">\n<p style=\"font-weight: 400;\"><strong><em>\u201cAl final queda aprendizaje de este hit, creo que tenemos lo necesario para ir por el triunfo en el siguiente. El auto est\u00e1 muy bien, tenemos el ritmo que se ven\u00eda buscando y no se puede perder la concentraci\u00f3n para cerrar con todo. Adem\u00e1s, es un Top-5 importante en la general, eso simplemente es un motivante extra\u201d<\/em><\/strong>, expres\u00f3 Arellano.<\/p>\n<p style=\"font-weight: 400;\">\n<p style=\"font-weight: 400;\">Ya en la segunda competencia, Arellano arrancaba desde el 5to sitio, primero de su categor\u00eda, teniendo un ritmo importante en las primeras vueltas, peleando fuertemente el rebase por el cuarto sitio hasta que un contacto le hac\u00eda perder escalones. Esto le quit\u00f3 esa potencia mostrada, a pesar de lo cu\u00e1l supo reponerse para cerrar en el lugar 8, cuarto de los Pro2.<\/p>\n<p style=\"font-weight: 400;\">\n<p style=\"font-weight: 400;\"><strong><em>\u201cEs desafortunado lo sucedido en la \u00faltima carrera, ven\u00edamos siendo r\u00e1pidos con un gran ritmo vuelta a vuelta, pero desafortunadamente un contacto cuando ya ten\u00edamos el rebase es lo que nos termina costando el podio, pero bueno, de esto hay que aprender, recuperarnos para lo que viene\u201d<\/em><\/strong>, finaliz\u00f3 el piloto.<\/p>\n<p style=\"font-weight: 400;\">\n<p style=\"font-weight: 400;\">Los pr\u00f3ximos 19 y 20 de junio, llega el siguiente compromiso para Jos\u00e9 Arellano en el tercer round de la\u00a0<strong>Copa Mercedes-Benz<\/strong>, de la mano del\u00a0<strong>Chevron Havoline Racing Team \u2013 Big Auto Los Grandes en Refacciones<\/strong>, cuando la\u00a0<strong>S\u00faper Copa\u00a0<\/strong>2021 visite el aut\u00f3dromo de San Luis Potos\u00ed<strong>.<\/strong><\/p>\n","protected":false},"excerpt":{"rendered":"<p>#informativoelvalledeaguascalientes #novaradioaguascalientes Un re\u00f1ido fin de semana fue el que vivi\u00f3 Jos\u00e9 Arellano en la\u00a0Copa Mercedes-Benz\u00a0junto al\u00a0Chevron Havoline Racing Team \u2013 Big Auto Los Grandes en Refacciones, saliendo del aut\u00f3dromo de Aguascalientes con un nuevo podio y Top-5 general en el regreso de la afici\u00f3n a las gradas ante un clima extenuante en tierras hidroc\u00e1lidas. [&hellip;]<\/p>\n","protected":false},"author":1,"featured_media":19616,"comment_status":"closed","ping_status":"open","sticky":false,"template":"","format":"standard","meta":{"advanced_seo_description":"","jetpack_seo_html_title":"","jetpack_seo_noindex":false,"_jetpack_memberships_contains_paid_content":false,"footnotes":"","jetpack_publicize_message":"","jetpack_publicize_feature_enabled":true,"jetpack_social_post_already_shared":true,"jetpack_social_options":{"image_generator_settings":{"template":"highway","default_image_id":0,"font":"","enabled":false},"version":2}},"categories":[21,19],"tags":[22,338,232],"class_list":["post-19615","post","type-post","status-publish","format-standard","has-post-thumbnail","hentry","category-aguascalientes","category-informacion-general","tag-aguascalientes","tag-copa-mercedez-benz","tag-informacion-general"],"jetpack_publicize_connections":[],"jetpack_featured_media_url":"https:\/\/i0.wp.com\/informativoelvalledeaguascalientes.online\/wp-content\/uploads\/2021\/05\/ags_copa_mercedes_18052021.jpg?fit=1406%2C937&ssl=1","jetpack-related-posts":[],"jetpack_sharing_enabled":true,"jetpack_likes_enabled":true,"_links":{"self":[{"href":"https:\/\/informativoelvalledeaguascalientes.online\/index.php?rest_route=\/wp\/v2\/posts\/19615","targetHints":{"allow":["GET"]}}],"collection":[{"href":"https:\/\/informativoelvalledeaguascalientes.online\/index.php?rest_route=\/wp\/v2\/posts"}],"about":[{"href":"https:\/\/informativoelvalledeaguascalientes.online\/index.php?rest_route=\/wp\/v2\/types\/post"}],"author":[{"embeddable":true,"href":"https:\/\/informativoelvalledeaguascalientes.online\/index.php?rest_route=\/wp\/v2\/users\/1"}],"replies":[{"embeddable":true,"href":"https:\/\/informativoelvalledeaguascalientes.online\/index.php?rest_route=%2Fwp%2Fv2%2Fcomments&post=19615"}],"version-history":[{"count":1,"href":"https:\/\/informativoelvalledeaguascalientes.online\/index.php?rest_route=\/wp\/v2\/posts\/19615\/revisions"}],"predecessor-version":[{"id":19617,"href":"https:\/\/informativoelvalledeaguascalientes.online\/index.php?rest_route=\/wp\/v2\/posts\/19615\/revisions\/19617"}],"wp:featuredmedia":[{"embeddable":true,"href":"https:\/\/informativoelvalledeaguascalientes.online\/index.php?rest_route=\/wp\/v2\/media\/19616"}],"wp:attachment":[{"href":"https:\/\/informativoelvalledeaguascalientes.online\/index.php?rest_route=%2Fwp%2Fv2%2Fmedia&parent=19615"}],"wp:term":[{"taxonomy":"category","embeddable":true,"href":"https:\/\/informativoelvalledeaguascalientes.online\/index.php?rest_route=%2Fwp%2Fv2%2Fcategories&post=19615"},{"taxonomy":"post_tag","embeddable":true,"href":"https:\/\/informativoelvalledeaguascalientes.online\/index.php?rest_route=%2Fwp%2Fv2%2Ftags&post=19615"}],"curies":[{"name":"wp","href":"https:\/\/api.w.org\/{rel}","templated":true}]}}